{"id":173249,"date":"2021-07-06T17:07:13","date_gmt":"2021-07-06T15:07:13","guid":{"rendered":"https:\/\/sbbimmobilien.wpengine.com\/?p=173249"},"modified":"2022-04-05T15:19:05","modified_gmt":"2022-04-05T13:19:05","slug":"les-dernieres-surfaces-commerciales-du-quartier-des-halles-a-morges-sont-en-location","status":"publish","type":"post","link":"https:\/\/sbb-immobilien.ch\/fr\/story\/les-dernieres-surfaces-commerciales-du-quartier-des-halles-a-morges-sont-en-location\/","title":{"rendered":"Les derni\u00e8res surfaces commerciales du Quartier des Halles \u00e0 Morges sont en location."},"content":{"rendered":"<p><span lang=\"FR-CH\" xml:lang=\"FR-CH\">Si la totalit\u00e9 des 233 appartements propos\u00e9s dans les trois immeubles du nouveau Quartier des Halles \u00e0 Morges sont lou\u00e9s, des surfaces de commerces et de bureaux sont encore ouvertes \u00e0 la location.<\/span><\/p>\n","protected":false},"excerpt":{"rendered":"<p>Si la totalit\u00e9 des 233 appartements propos\u00e9s dans les trois immeubles du nouveau Quartier des Halles \u00e0 Morges sont lou\u00e9s, des surfaces de commerces et de bureaux sont encore ouvertes \u00e0 la location.<\/p>\n","protected":false},"author":3,"featured_media":173250,"comment_status":"closed","ping_status":"closed","sticky":false,"template":"","format":"standard","meta":{"_acf_changed":false,"inline_featured_image":false,"footnotes":""},"categories":[513],"tags":[],"class_list":["post-173249","post","type-post","status-publish","format-standard","has-post-thumbnail","hentry","category-developpement-de-sites"],"acf":[],"yoast_head":"<!-- This site is optimized with the Yoast SEO Premium plugin v27.4 (Yoast SEO v27.4) - https:\/\/yoast.com\/product\/yoast-seo-premium-wordpress\/ -->\n<title>Les derni\u00e8res surfaces commerciales du Quartier des Halles \u00e0 Morges sont en location. | CFF Immobilier<\/title>\n<meta name=\"robots\" content=\"index, follow, max-snippet:-1, max-image-preview:large, max-video-preview:-1\" \/>\n<link rel=\"canonical\" href=\"https:\/\/sbb-immobilien.ch\/fr\/story\/les-dernieres-surfaces-commerciales-du-quartier-des-halles-a-morges-sont-en-location\/\" \/>\n<meta property=\"og:locale\" content=\"fr_FR\" \/>\n<meta property=\"og:type\" content=\"article\" \/>\n<meta property=\"og:title\" content=\"Les derni\u00e8res surfaces commerciales du Quartier des Halles \u00e0 Morges sont en location.\" \/>\n<meta property=\"og:description\" content=\"Si la totalit\u00e9 des 233 appartements propos\u00e9s dans les trois immeubles du nouveau Quartier des Halles \u00e0 Morges sont lou\u00e9s, des surfaces de commerces et de bureaux sont encore ouvertes \u00e0 la location.\" \/>\n<meta property=\"og:url\" content=\"https:\/\/sbb-immobilien.ch\/fr\/story\/les-dernieres-surfaces-commerciales-du-quartier-des-halles-a-morges-sont-en-location\/\" \/>\n<meta property=\"og:site_name\" content=\"CFF Immobilier\" \/>\n<meta property=\"article:published_time\" content=\"2021-07-06T15:07:13+00:00\" \/>\n<meta property=\"article:modified_time\" content=\"2022-04-05T13:19:05+00:00\" \/>\n<meta property=\"og:image\" content=\"https:\/\/cdn.sbb-immobilien.ch\/w:auto\/h:auto\/q:mauto\/f:best\/https:\/\/sbb-immobilien.ch\/wp-content\/uploads\/2022\/03\/IMG_3983-scaled.jpg\" \/>\n\t<meta property=\"og:image:width\" content=\"2560\" \/>\n\t<meta property=\"og:image:height\" content=\"1920\" \/>\n\t<meta property=\"og:image:type\" content=\"image\/jpeg\" \/>\n<meta name=\"author\" content=\"Julien Weil\" \/>\n<meta name=\"twitter:card\" content=\"summary_large_image\" \/>\n<meta name=\"twitter:label1\" content=\"\u00c9crit par\" \/>\n\t<meta name=\"twitter:data1\" content=\"Julien Weil\" \/>\n<script type=\"application\/ld+json\" class=\"yoast-schema-graph\">{\"@context\":\"https:\\\/\\\/schema.org\",\"@graph\":[{\"@type\":\"Article\",\"@id\":\"https:\\\/\\\/sbb-immobilien.ch\\\/fr\\\/story\\\/les-dernieres-surfaces-commerciales-du-quartier-des-halles-a-morges-sont-en-location\\\/#article\",\"isPartOf\":{\"@id\":\"https:\\\/\\\/sbb-immobilien.ch\\\/fr\\\/story\\\/les-dernieres-surfaces-commerciales-du-quartier-des-halles-a-morges-sont-en-location\\\/\"},\"author\":{\"name\":\"Julien Weil\",\"@id\":\"https:\\\/\\\/sbb-immobilien.ch\\\/fr\\\/#\\\/schema\\\/person\\\/1b5169195b96be7fdf04d4fdde9de86f\"},\"headline\":\"Les derni\u00e8res surfaces commerciales du Quartier des Halles \u00e0 Morges sont en location.\",\"datePublished\":\"2021-07-06T15:07:13+00:00\",\"dateModified\":\"2022-04-05T13:19:05+00:00\",\"mainEntityOfPage\":{\"@id\":\"https:\\\/\\\/sbb-immobilien.ch\\\/fr\\\/story\\\/les-dernieres-surfaces-commerciales-du-quartier-des-halles-a-morges-sont-en-location\\\/\"},\"wordCount\":45,\"publisher\":{\"@id\":\"https:\\\/\\\/sbb-immobilien.ch\\\/fr\\\/#organization\"},\"image\":{\"@id\":\"https:\\\/\\\/sbb-immobilien.ch\\\/fr\\\/story\\\/les-dernieres-surfaces-commerciales-du-quartier-des-halles-a-morges-sont-en-location\\\/#primaryimage\"},\"thumbnailUrl\":\"https:\\/\\/sbb-immobilien.ch\\/wp-content\\/uploads\\/2022\\/03\\/IMG_3983-scaled.jpg\",\"articleSection\":[\"D\u00e9veloppement de sites\"],\"inLanguage\":\"fr-FR\"},{\"@type\":\"WebPage\",\"@id\":\"https:\\\/\\\/sbb-immobilien.ch\\\/fr\\\/story\\\/les-dernieres-surfaces-commerciales-du-quartier-des-halles-a-morges-sont-en-location\\\/\",\"url\":\"https:\\\/\\\/sbb-immobilien.ch\\\/fr\\\/story\\\/les-dernieres-surfaces-commerciales-du-quartier-des-halles-a-morges-sont-en-location\\\/\",\"name\":\"Les derni\u00e8res surfaces commerciales du Quartier des Halles \u00e0 Morges sont en location. | CFF Immobilier\",\"isPartOf\":{\"@id\":\"https:\\\/\\\/sbb-immobilien.ch\\\/fr\\\/#website\"},\"primaryImageOfPage\":{\"@id\":\"https:\\\/\\\/sbb-immobilien.ch\\\/fr\\\/story\\\/les-dernieres-surfaces-commerciales-du-quartier-des-halles-a-morges-sont-en-location\\\/#primaryimage\"},\"image\":{\"@id\":\"https:\\\/\\\/sbb-immobilien.ch\\\/fr\\\/story\\\/les-dernieres-surfaces-commerciales-du-quartier-des-halles-a-morges-sont-en-location\\\/#primaryimage\"},\"thumbnailUrl\":\"https:\\/\\/sbb-immobilien.ch\\/wp-content\\/uploads\\/2022\\/03\\/IMG_3983-scaled.jpg\",\"datePublished\":\"2021-07-06T15:07:13+00:00\",\"dateModified\":\"2022-04-05T13:19:05+00:00\",\"breadcrumb\":{\"@id\":\"https:\\\/\\\/sbb-immobilien.ch\\\/fr\\\/story\\\/les-dernieres-surfaces-commerciales-du-quartier-des-halles-a-morges-sont-en-location\\\/#breadcrumb\"},\"inLanguage\":\"fr-FR\",\"potentialAction\":[{\"@type\":\"ReadAction\",\"target\":[\"https:\\\/\\\/sbb-immobilien.ch\\\/fr\\\/story\\\/les-dernieres-surfaces-commerciales-du-quartier-des-halles-a-morges-sont-en-location\\\/\"]}]},{\"@type\":\"ImageObject\",\"inLanguage\":\"fr-FR\",\"@id\":\"https:\\\/\\\/sbb-immobilien.ch\\\/fr\\\/story\\\/les-dernieres-surfaces-commerciales-du-quartier-des-halles-a-morges-sont-en-location\\\/#primaryimage\",\"url\":\"https:\\/\\/sbb-immobilien.ch\\/wp-content\\/uploads\\/2022\\/03\\/IMG_3983-scaled.jpg\",\"contentUrl\":\"https:\\/\\/sbb-immobilien.ch\\/wp-content\\/uploads\\/2022\\/03\\/IMG_3983-scaled.jpg\",\"width\":2560,\"height\":1920,\"caption\":\"Image d'un b\u00e2timent le long de la voie ferr\u00e9e.\"},{\"@type\":\"BreadcrumbList\",\"@id\":\"https:\\\/\\\/sbb-immobilien.ch\\\/fr\\\/story\\\/les-dernieres-surfaces-commerciales-du-quartier-des-halles-a-morges-sont-en-location\\\/#breadcrumb\",\"itemListElement\":[{\"@type\":\"ListItem\",\"position\":1,\"name\":\"Home\",\"item\":\"https:\\\/\\\/sbb-immobilien.ch\\\/fr\\\/\"},{\"@type\":\"ListItem\",\"position\":2,\"name\":\"Les derni\u00e8res surfaces commerciales du Quartier des Halles \u00e0 Morges sont en location.\"}]},{\"@type\":\"WebSite\",\"@id\":\"https:\\\/\\\/sbb-immobilien.ch\\\/fr\\\/#website\",\"url\":\"https:\\\/\\\/sbb-immobilien.ch\\\/fr\\\/\",\"name\":\"CFF Immobilier\",\"description\":\"Des immeubles id\u00e9alement situ\u00e9s.\",\"publisher\":{\"@id\":\"https:\\\/\\\/sbb-immobilien.ch\\\/fr\\\/#organization\"},\"potentialAction\":[{\"@type\":\"SearchAction\",\"target\":{\"@type\":\"EntryPoint\",\"urlTemplate\":\"https:\\\/\\\/sbb-immobilien.ch\\\/fr\\\/?s={search_term_string}\"},\"query-input\":{\"@type\":\"PropertyValueSpecification\",\"valueRequired\":true,\"valueName\":\"search_term_string\"}}],\"inLanguage\":\"fr-FR\"},{\"@type\":\"Organization\",\"@id\":\"https:\\\/\\\/sbb-immobilien.ch\\\/fr\\\/#organization\",\"name\":\"SBB Immobilien\",\"url\":\"https:\\\/\\\/sbb-immobilien.ch\\\/fr\\\/\",\"logo\":{\"@type\":\"ImageObject\",\"inLanguage\":\"fr-FR\",\"@id\":\"https:\\\/\\\/sbb-immobilien.ch\\\/fr\\\/#\\\/schema\\\/logo\\\/image\\\/\",\"url\":\"https:\\/\\/cdn.sbb-immobilien.ch\\/w:1617\\/h:1080\\/q:mauto\\/f:best\\/https:\\/\\/sbb-immobilien.ch\\/wp-content\\/uploads\\/2021\\/11\\/SBB_byte_200329_DSC_4292_2500px.jpg\",\"contentUrl\":\"https:\\/\\/cdn.sbb-immobilien.ch\\/w:1617\\/h:1080\\/q:mauto\\/f:best\\/https:\\/\\/sbb-immobilien.ch\\/wp-content\\/uploads\\/2021\\/11\\/SBB_byte_200329_DSC_4292_2500px.jpg\",\"width\":2500,\"height\":1669,\"caption\":\"SBB Immobilien\"},\"image\":{\"@id\":\"https:\\\/\\\/sbb-immobilien.ch\\\/fr\\\/#\\\/schema\\\/logo\\\/image\\\/\"},\"sameAs\":[\"https:\\\/\\\/ch.linkedin.com\\\/showcase\\\/immobilienberufe?trk=affiliated-pages\",\"https:\\\/\\\/de.wikipedia.org\\\/wiki\\\/Schweizerische_Bundesbahnen\"]},{\"@type\":\"Person\",\"@id\":\"https:\\\/\\\/sbb-immobilien.ch\\\/fr\\\/#\\\/schema\\\/person\\\/1b5169195b96be7fdf04d4fdde9de86f\",\"name\":\"Julien Weil\",\"sameAs\":[\"julienweil\"]}]}<\/script>\n<!-- \/ Yoast SEO Premium plugin. -->","yoast_head_json":{"title":"Les derni\u00e8res surfaces commerciales du Quartier des Halles \u00e0 Morges sont en location. | CFF Immobilier","robots":{"index":"index","follow":"follow","max-snippet":"max-snippet:-1","max-image-preview":"max-image-preview:large","max-video-preview":"max-video-preview:-1"},"canonical":"https:\/\/sbb-immobilien.ch\/fr\/story\/les-dernieres-surfaces-commerciales-du-quartier-des-halles-a-morges-sont-en-location\/","og_locale":"fr_FR","og_type":"article","og_title":"Les derni\u00e8res surfaces commerciales du Quartier des Halles \u00e0 Morges sont en location.","og_description":"Si la totalit\u00e9 des 233 appartements propos\u00e9s dans les trois immeubles du nouveau Quartier des Halles \u00e0 Morges sont lou\u00e9s, des surfaces de commerces et de bureaux sont encore ouvertes \u00e0 la location.","og_url":"https:\/\/sbb-immobilien.ch\/fr\/story\/les-dernieres-surfaces-commerciales-du-quartier-des-halles-a-morges-sont-en-location\/","og_site_name":"CFF Immobilier","article_published_time":"2021-07-06T15:07:13+00:00","article_modified_time":"2022-04-05T13:19:05+00:00","og_image":[{"width":2560,"height":1920,"url":"https:\/\/cdn.sbb-immobilien.ch\/w:auto\/h:auto\/q:mauto\/f:best\/https:\/\/sbb-immobilien.ch\/wp-content\/uploads\/2022\/03\/IMG_3983-scaled.jpg","type":"image\/jpeg"}],"author":"Julien Weil","twitter_card":"summary_large_image","twitter_misc":{"\u00c9crit par":"Julien Weil"},"schema":{"@context":"https:\/\/schema.org","@graph":[{"@type":"Article","@id":"https:\/\/sbb-immobilien.ch\/fr\/story\/les-dernieres-surfaces-commerciales-du-quartier-des-halles-a-morges-sont-en-location\/#article","isPartOf":{"@id":"https:\/\/sbb-immobilien.ch\/fr\/story\/les-dernieres-surfaces-commerciales-du-quartier-des-halles-a-morges-sont-en-location\/"},"author":{"name":"Julien Weil","@id":"https:\/\/sbb-immobilien.ch\/fr\/#\/schema\/person\/1b5169195b96be7fdf04d4fdde9de86f"},"headline":"Les derni\u00e8res surfaces commerciales du Quartier des Halles \u00e0 Morges sont en location.","datePublished":"2021-07-06T15:07:13+00:00","dateModified":"2022-04-05T13:19:05+00:00","mainEntityOfPage":{"@id":"https:\/\/sbb-immobilien.ch\/fr\/story\/les-dernieres-surfaces-commerciales-du-quartier-des-halles-a-morges-sont-en-location\/"},"wordCount":45,"publisher":{"@id":"https:\/\/sbb-immobilien.ch\/fr\/#organization"},"image":{"@id":"https:\/\/sbb-immobilien.ch\/fr\/story\/les-dernieres-surfaces-commerciales-du-quartier-des-halles-a-morges-sont-en-location\/#primaryimage"},"thumbnailUrl":"https:\/\/cdn.sbb-immobilien.ch\/w:auto\/h:auto\/q:mauto\/f:best\/https:\/\/sbb-immobilien.ch\/wp-content\/uploads\/2022\/03\/IMG_3983-scaled.jpg","articleSection":["D\u00e9veloppement de sites"],"inLanguage":"fr-FR"},{"@type":"WebPage","@id":"https:\/\/sbb-immobilien.ch\/fr\/story\/les-dernieres-surfaces-commerciales-du-quartier-des-halles-a-morges-sont-en-location\/","url":"https:\/\/sbb-immobilien.ch\/fr\/story\/les-dernieres-surfaces-commerciales-du-quartier-des-halles-a-morges-sont-en-location\/","name":"Les derni\u00e8res surfaces commerciales du Quartier des Halles \u00e0 Morges sont en location. | CFF Immobilier","isPartOf":{"@id":"https:\/\/sbb-immobilien.ch\/fr\/#website"},"primaryImageOfPage":{"@id":"https:\/\/sbb-immobilien.ch\/fr\/story\/les-dernieres-surfaces-commerciales-du-quartier-des-halles-a-morges-sont-en-location\/#primaryimage"},"image":{"@id":"https:\/\/sbb-immobilien.ch\/fr\/story\/les-dernieres-surfaces-commerciales-du-quartier-des-halles-a-morges-sont-en-location\/#primaryimage"},"thumbnailUrl":"https:\/\/cdn.sbb-immobilien.ch\/w:auto\/h:auto\/q:mauto\/f:best\/https:\/\/sbb-immobilien.ch\/wp-content\/uploads\/2022\/03\/IMG_3983-scaled.jpg","datePublished":"2021-07-06T15:07:13+00:00","dateModified":"2022-04-05T13:19:05+00:00","breadcrumb":{"@id":"https:\/\/sbb-immobilien.ch\/fr\/story\/les-dernieres-surfaces-commerciales-du-quartier-des-halles-a-morges-sont-en-location\/#breadcrumb"},"inLanguage":"fr-FR","potentialAction":[{"@type":"ReadAction","target":["https:\/\/sbb-immobilien.ch\/fr\/story\/les-dernieres-surfaces-commerciales-du-quartier-des-halles-a-morges-sont-en-location\/"]}]},{"@type":"ImageObject","inLanguage":"fr-FR","@id":"https:\/\/sbb-immobilien.ch\/fr\/story\/les-dernieres-surfaces-commerciales-du-quartier-des-halles-a-morges-sont-en-location\/#primaryimage","url":"https:\/\/cdn.sbb-immobilien.ch\/w:auto\/h:auto\/q:mauto\/f:best\/https:\/\/sbb-immobilien.ch\/wp-content\/uploads\/2022\/03\/IMG_3983-scaled.jpg","contentUrl":"https:\/\/cdn.sbb-immobilien.ch\/w:auto\/h:auto\/q:mauto\/f:best\/https:\/\/sbb-immobilien.ch\/wp-content\/uploads\/2022\/03\/IMG_3983-scaled.jpg","width":2560,"height":1920,"caption":"Image d'un b\u00e2timent le long de la voie ferr\u00e9e."},{"@type":"BreadcrumbList","@id":"https:\/\/sbb-immobilien.ch\/fr\/story\/les-dernieres-surfaces-commerciales-du-quartier-des-halles-a-morges-sont-en-location\/#breadcrumb","itemListElement":[{"@type":"ListItem","position":1,"name":"Home","item":"https:\/\/sbb-immobilien.ch\/fr\/"},{"@type":"ListItem","position":2,"name":"Les derni\u00e8res surfaces commerciales du Quartier des Halles \u00e0 Morges sont en location."}]},{"@type":"WebSite","@id":"https:\/\/sbb-immobilien.ch\/fr\/#website","url":"https:\/\/sbb-immobilien.ch\/fr\/","name":"CFF Immobilier","description":"Des immeubles id\u00e9alement situ\u00e9s.","publisher":{"@id":"https:\/\/sbb-immobilien.ch\/fr\/#organization"},"potentialAction":[{"@type":"SearchAction","target":{"@type":"EntryPoint","urlTemplate":"https:\/\/sbb-immobilien.ch\/fr\/?s={search_term_string}"},"query-input":{"@type":"PropertyValueSpecification","valueRequired":true,"valueName":"search_term_string"}}],"inLanguage":"fr-FR"},{"@type":"Organization","@id":"https:\/\/sbb-immobilien.ch\/fr\/#organization","name":"SBB Immobilien","url":"https:\/\/sbb-immobilien.ch\/fr\/","logo":{"@type":"ImageObject","inLanguage":"fr-FR","@id":"https:\/\/sbb-immobilien.ch\/fr\/#\/schema\/logo\/image\/","url":"https:\/\/cdn.sbb-immobilien.ch\/w:1617\/h:1080\/q:mauto\/f:best\/https:\/\/sbb-immobilien.ch\/wp-content\/uploads\/2021\/11\/SBB_byte_200329_DSC_4292_2500px.jpg","contentUrl":"https:\/\/cdn.sbb-immobilien.ch\/w:1617\/h:1080\/q:mauto\/f:best\/https:\/\/sbb-immobilien.ch\/wp-content\/uploads\/2021\/11\/SBB_byte_200329_DSC_4292_2500px.jpg","width":2500,"height":1669,"caption":"SBB Immobilien"},"image":{"@id":"https:\/\/sbb-immobilien.ch\/fr\/#\/schema\/logo\/image\/"},"sameAs":["https:\/\/ch.linkedin.com\/showcase\/immobilienberufe?trk=affiliated-pages","https:\/\/de.wikipedia.org\/wiki\/Schweizerische_Bundesbahnen"]},{"@type":"Person","@id":"https:\/\/sbb-immobilien.ch\/fr\/#\/schema\/person\/1b5169195b96be7fdf04d4fdde9de86f","name":"Julien Weil","sameAs":["julienweil"]}]}},"_links":{"self":[{"href":"https:\/\/sbb-immobilien.ch\/fr\/wp-json\/wp\/v2\/posts\/173249","targetHints":{"allow":["GET"]}}],"collection":[{"href":"https:\/\/sbb-immobilien.ch\/fr\/wp-json\/wp\/v2\/posts"}],"about":[{"href":"https:\/\/sbb-immobilien.ch\/fr\/wp-json\/wp\/v2\/types\/post"}],"author":[{"embeddable":true,"href":"https:\/\/sbb-immobilien.ch\/fr\/wp-json\/wp\/v2\/users\/3"}],"replies":[{"embeddable":true,"href":"https:\/\/sbb-immobilien.ch\/fr\/wp-json\/wp\/v2\/comments?post=173249"}],"version-history":[{"count":0,"href":"https:\/\/sbb-immobilien.ch\/fr\/wp-json\/wp\/v2\/posts\/173249\/revisions"}],"wp:featuredmedia":[{"embeddable":true,"href":"https:\/\/sbb-immobilien.ch\/fr\/wp-json\/wp\/v2\/media\/173250"}],"wp:attachment":[{"href":"https:\/\/sbb-immobilien.ch\/fr\/wp-json\/wp\/v2\/media?parent=173249"}],"wp:term":[{"taxonomy":"category","embeddable":true,"href":"https:\/\/sbb-immobilien.ch\/fr\/wp-json\/wp\/v2\/categories?post=173249"},{"taxonomy":"post_tag","embeddable":true,"href":"https:\/\/sbb-immobilien.ch\/fr\/wp-json\/wp\/v2\/tags?post=173249"}],"curies":[{"name":"wp","href":"https:\/\/api.w.org\/{rel}","templated":true}]}}