{"id":173272,"date":"2021-04-14T17:20:32","date_gmt":"2021-04-14T15:20:32","guid":{"rendered":"https:\/\/sbbimmobilien.wpengine.com\/?p=173272"},"modified":"2023-02-14T11:35:00","modified_gmt":"2023-02-14T10:35:00","slug":"mise-en-location-des-surfaces-de-bureaux-et-de-commerces-du-projet-central-malley","status":"publish","type":"post","link":"https:\/\/sbb-immobilien.ch\/fr\/story\/mise-en-location-des-surfaces-de-bureaux-et-de-commerces-du-projet-central-malley\/","title":{"rendered":"Mise en location des surfaces de bureaux et de commerces du projet Central Malley."},"content":{"rendered":"<p>La construction des immeubles du projet de CFF Immobilier Central Malley dans l\u2019Ouest lausannois devrait d\u00e9buter prochainement. De ce fait, les surfaces de bureaux et de commerces des immeubles composant le futur quartier sont d\u00e9sormais mises en location.<\/p>\n","protected":false},"excerpt":{"rendered":"<p>La construction des immeubles du projet de CFF Immobilier Central Malley dans l\u2019Ouest lausannois devrait d\u00e9buter prochainement. De ce fait, les surfaces de bureaux et de commerces des immeubles composant le futur quartier sont d\u00e9sormais mises en location.<\/p>\n","protected":false},"author":3,"featured_media":389655,"comment_status":"closed","ping_status":"closed","sticky":false,"template":"","format":"standard","meta":{"_acf_changed":false,"inline_featured_image":false,"footnotes":""},"categories":[513],"tags":[],"class_list":["post-173272","post","type-post","status-publish","format-standard","has-post-thumbnail","hentry","category-developpement-de-sites"],"acf":[],"yoast_head":"<!-- This site is optimized with the Yoast SEO Premium plugin v27.4 (Yoast SEO v27.4) - https:\/\/yoast.com\/product\/yoast-seo-premium-wordpress\/ -->\n<title>Mise en location des surfaces de bureaux et de commerces du projet Central Malley. | CFF Immobilier<\/title>\n<meta name=\"robots\" content=\"index, follow, max-snippet:-1, max-image-preview:large, max-video-preview:-1\" \/>\n<link rel=\"canonical\" href=\"https:\/\/sbb-immobilien.ch\/fr\/story\/mise-en-location-des-surfaces-de-bureaux-et-de-commerces-du-projet-central-malley\/\" \/>\n<meta property=\"og:locale\" content=\"fr_FR\" \/>\n<meta property=\"og:type\" content=\"article\" \/>\n<meta property=\"og:title\" content=\"Mise en location des surfaces de bureaux et de commerces du projet Central Malley.\" \/>\n<meta property=\"og:description\" content=\"La construction des immeubles du projet de CFF Immobilier Central Malley dans l\u2019Ouest lausannois devrait d\u00e9buter prochainement. De ce fait, les surfaces de bureaux et de commerces des immeubles composant le futur quartier sont d\u00e9sormais mises en location.\" \/>\n<meta property=\"og:url\" content=\"https:\/\/sbb-immobilien.ch\/fr\/story\/mise-en-location-des-surfaces-de-bureaux-et-de-commerces-du-projet-central-malley\/\" \/>\n<meta property=\"og:site_name\" content=\"CFF Immobilier\" \/>\n<meta property=\"article:published_time\" content=\"2021-04-14T15:20:32+00:00\" \/>\n<meta property=\"article:modified_time\" content=\"2023-02-14T10:35:00+00:00\" \/>\n<meta property=\"og:image\" content=\"https:\/\/cdn.sbb-immobilien.ch\/w:auto\/h:auto\/q:mauto\/f:best\/https:\/\/sbb-immobilien.ch\/wp-content\/uploads\/2021\/11\/Central_Malley3-scaled.jpg\" \/>\n\t<meta property=\"og:image:width\" content=\"2560\" \/>\n\t<meta property=\"og:image:height\" content=\"1706\" \/>\n\t<meta property=\"og:image:type\" content=\"image\/jpeg\" \/>\n<meta name=\"author\" content=\"Julien Weil\" \/>\n<meta name=\"twitter:card\" content=\"summary_large_image\" \/>\n<meta name=\"twitter:label1\" content=\"\u00c9crit par\" \/>\n\t<meta name=\"twitter:data1\" content=\"Julien Weil\" \/>\n\t<meta name=\"twitter:label2\" content=\"Dur\u00e9e de lecture estim\u00e9e\" \/>\n\t<meta name=\"twitter:data2\" content=\"1 minute\" \/>\n<script type=\"application\/ld+json\" class=\"yoast-schema-graph\">{\"@context\":\"https:\\\/\\\/schema.org\",\"@graph\":[{\"@type\":\"Article\",\"@id\":\"https:\\\/\\\/sbb-immobilien.ch\\\/fr\\\/story\\\/mise-en-location-des-surfaces-de-bureaux-et-de-commerces-du-projet-central-malley\\\/#article\",\"isPartOf\":{\"@id\":\"https:\\\/\\\/sbb-immobilien.ch\\\/fr\\\/story\\\/mise-en-location-des-surfaces-de-bureaux-et-de-commerces-du-projet-central-malley\\\/\"},\"author\":{\"name\":\"Julien Weil\",\"@id\":\"https:\\\/\\\/sbb-immobilien.ch\\\/fr\\\/#\\\/schema\\\/person\\\/1b5169195b96be7fdf04d4fdde9de86f\"},\"headline\":\"Mise en location des surfaces de bureaux et de commerces du projet Central Malley.\",\"datePublished\":\"2021-04-14T15:20:32+00:00\",\"dateModified\":\"2023-02-14T10:35:00+00:00\",\"mainEntityOfPage\":{\"@id\":\"https:\\\/\\\/sbb-immobilien.ch\\\/fr\\\/story\\\/mise-en-location-des-surfaces-de-bureaux-et-de-commerces-du-projet-central-malley\\\/\"},\"wordCount\":55,\"publisher\":{\"@id\":\"https:\\\/\\\/sbb-immobilien.ch\\\/fr\\\/#organization\"},\"image\":{\"@id\":\"https:\\\/\\\/sbb-immobilien.ch\\\/fr\\\/story\\\/mise-en-location-des-surfaces-de-bureaux-et-de-commerces-du-projet-central-malley\\\/#primaryimage\"},\"thumbnailUrl\":\"https:\\/\\/sbb-immobilien.ch\\/wp-content\\/uploads\\/2021\\/11\\/Central_Malley3-scaled.jpg\",\"articleSection\":[\"D\u00e9veloppement de sites\"],\"inLanguage\":\"fr-FR\"},{\"@type\":\"WebPage\",\"@id\":\"https:\\\/\\\/sbb-immobilien.ch\\\/fr\\\/story\\\/mise-en-location-des-surfaces-de-bureaux-et-de-commerces-du-projet-central-malley\\\/\",\"url\":\"https:\\\/\\\/sbb-immobilien.ch\\\/fr\\\/story\\\/mise-en-location-des-surfaces-de-bureaux-et-de-commerces-du-projet-central-malley\\\/\",\"name\":\"Mise en location des surfaces de bureaux et de commerces du projet Central Malley. | CFF Immobilier\",\"isPartOf\":{\"@id\":\"https:\\\/\\\/sbb-immobilien.ch\\\/fr\\\/#website\"},\"primaryImageOfPage\":{\"@id\":\"https:\\\/\\\/sbb-immobilien.ch\\\/fr\\\/story\\\/mise-en-location-des-surfaces-de-bureaux-et-de-commerces-du-projet-central-malley\\\/#primaryimage\"},\"image\":{\"@id\":\"https:\\\/\\\/sbb-immobilien.ch\\\/fr\\\/story\\\/mise-en-location-des-surfaces-de-bureaux-et-de-commerces-du-projet-central-malley\\\/#primaryimage\"},\"thumbnailUrl\":\"https:\\/\\/sbb-immobilien.ch\\/wp-content\\/uploads\\/2021\\/11\\/Central_Malley3-scaled.jpg\",\"datePublished\":\"2021-04-14T15:20:32+00:00\",\"dateModified\":\"2023-02-14T10:35:00+00:00\",\"breadcrumb\":{\"@id\":\"https:\\\/\\\/sbb-immobilien.ch\\\/fr\\\/story\\\/mise-en-location-des-surfaces-de-bureaux-et-de-commerces-du-projet-central-malley\\\/#breadcrumb\"},\"inLanguage\":\"fr-FR\",\"potentialAction\":[{\"@type\":\"ReadAction\",\"target\":[\"https:\\\/\\\/sbb-immobilien.ch\\\/fr\\\/story\\\/mise-en-location-des-surfaces-de-bureaux-et-de-commerces-du-projet-central-malley\\\/\"]}]},{\"@type\":\"ImageObject\",\"inLanguage\":\"fr-FR\",\"@id\":\"https:\\\/\\\/sbb-immobilien.ch\\\/fr\\\/story\\\/mise-en-location-des-surfaces-de-bureaux-et-de-commerces-du-projet-central-malley\\\/#primaryimage\",\"url\":\"https:\\/\\/sbb-immobilien.ch\\/wp-content\\/uploads\\/2021\\/11\\/Central_Malley3-scaled.jpg\",\"contentUrl\":\"https:\\/\\/sbb-immobilien.ch\\/wp-content\\/uploads\\/2021\\/11\\/Central_Malley3-scaled.jpg\",\"width\":2560,\"height\":1706},{\"@type\":\"BreadcrumbList\",\"@id\":\"https:\\\/\\\/sbb-immobilien.ch\\\/fr\\\/story\\\/mise-en-location-des-surfaces-de-bureaux-et-de-commerces-du-projet-central-malley\\\/#breadcrumb\",\"itemListElement\":[{\"@type\":\"ListItem\",\"position\":1,\"name\":\"Home\",\"item\":\"https:\\\/\\\/sbb-immobilien.ch\\\/fr\\\/\"},{\"@type\":\"ListItem\",\"position\":2,\"name\":\"Mise en location des surfaces de bureaux et de commerces du projet Central Malley.\"}]},{\"@type\":\"WebSite\",\"@id\":\"https:\\\/\\\/sbb-immobilien.ch\\\/fr\\\/#website\",\"url\":\"https:\\\/\\\/sbb-immobilien.ch\\\/fr\\\/\",\"name\":\"CFF Immobilier\",\"description\":\"Des immeubles id\u00e9alement situ\u00e9s.\",\"publisher\":{\"@id\":\"https:\\\/\\\/sbb-immobilien.ch\\\/fr\\\/#organization\"},\"potentialAction\":[{\"@type\":\"SearchAction\",\"target\":{\"@type\":\"EntryPoint\",\"urlTemplate\":\"https:\\\/\\\/sbb-immobilien.ch\\\/fr\\\/?s={search_term_string}\"},\"query-input\":{\"@type\":\"PropertyValueSpecification\",\"valueRequired\":true,\"valueName\":\"search_term_string\"}}],\"inLanguage\":\"fr-FR\"},{\"@type\":\"Organization\",\"@id\":\"https:\\\/\\\/sbb-immobilien.ch\\\/fr\\\/#organization\",\"name\":\"SBB Immobilien\",\"url\":\"https:\\\/\\\/sbb-immobilien.ch\\\/fr\\\/\",\"logo\":{\"@type\":\"ImageObject\",\"inLanguage\":\"fr-FR\",\"@id\":\"https:\\\/\\\/sbb-immobilien.ch\\\/fr\\\/#\\\/schema\\\/logo\\\/image\\\/\",\"url\":\"https:\\/\\/cdn.sbb-immobilien.ch\\/w:1617\\/h:1080\\/q:mauto\\/f:best\\/https:\\/\\/sbb-immobilien.ch\\/wp-content\\/uploads\\/2021\\/11\\/SBB_byte_200329_DSC_4292_2500px.jpg\",\"contentUrl\":\"https:\\/\\/cdn.sbb-immobilien.ch\\/w:1617\\/h:1080\\/q:mauto\\/f:best\\/https:\\/\\/sbb-immobilien.ch\\/wp-content\\/uploads\\/2021\\/11\\/SBB_byte_200329_DSC_4292_2500px.jpg\",\"width\":2500,\"height\":1669,\"caption\":\"SBB Immobilien\"},\"image\":{\"@id\":\"https:\\\/\\\/sbb-immobilien.ch\\\/fr\\\/#\\\/schema\\\/logo\\\/image\\\/\"},\"sameAs\":[\"https:\\\/\\\/ch.linkedin.com\\\/showcase\\\/immobilienberufe?trk=affiliated-pages\",\"https:\\\/\\\/de.wikipedia.org\\\/wiki\\\/Schweizerische_Bundesbahnen\"]},{\"@type\":\"Person\",\"@id\":\"https:\\\/\\\/sbb-immobilien.ch\\\/fr\\\/#\\\/schema\\\/person\\\/1b5169195b96be7fdf04d4fdde9de86f\",\"name\":\"Julien Weil\",\"sameAs\":[\"julienweil\"]}]}<\/script>\n<!-- \/ Yoast SEO Premium plugin. -->","yoast_head_json":{"title":"Mise en location des surfaces de bureaux et de commerces du projet Central Malley. | CFF Immobilier","robots":{"index":"index","follow":"follow","max-snippet":"max-snippet:-1","max-image-preview":"max-image-preview:large","max-video-preview":"max-video-preview:-1"},"canonical":"https:\/\/sbb-immobilien.ch\/fr\/story\/mise-en-location-des-surfaces-de-bureaux-et-de-commerces-du-projet-central-malley\/","og_locale":"fr_FR","og_type":"article","og_title":"Mise en location des surfaces de bureaux et de commerces du projet Central Malley.","og_description":"La construction des immeubles du projet de CFF Immobilier Central Malley dans l\u2019Ouest lausannois devrait d\u00e9buter prochainement. De ce fait, les surfaces de bureaux et de commerces des immeubles composant le futur quartier sont d\u00e9sormais mises en location.","og_url":"https:\/\/sbb-immobilien.ch\/fr\/story\/mise-en-location-des-surfaces-de-bureaux-et-de-commerces-du-projet-central-malley\/","og_site_name":"CFF Immobilier","article_published_time":"2021-04-14T15:20:32+00:00","article_modified_time":"2023-02-14T10:35:00+00:00","og_image":[{"width":2560,"height":1706,"url":"https:\/\/cdn.sbb-immobilien.ch\/w:auto\/h:auto\/q:mauto\/f:best\/https:\/\/sbb-immobilien.ch\/wp-content\/uploads\/2021\/11\/Central_Malley3-scaled.jpg","type":"image\/jpeg"}],"author":"Julien Weil","twitter_card":"summary_large_image","twitter_misc":{"\u00c9crit par":"Julien Weil","Dur\u00e9e de lecture estim\u00e9e":"1 minute"},"schema":{"@context":"https:\/\/schema.org","@graph":[{"@type":"Article","@id":"https:\/\/sbb-immobilien.ch\/fr\/story\/mise-en-location-des-surfaces-de-bureaux-et-de-commerces-du-projet-central-malley\/#article","isPartOf":{"@id":"https:\/\/sbb-immobilien.ch\/fr\/story\/mise-en-location-des-surfaces-de-bureaux-et-de-commerces-du-projet-central-malley\/"},"author":{"name":"Julien Weil","@id":"https:\/\/sbb-immobilien.ch\/fr\/#\/schema\/person\/1b5169195b96be7fdf04d4fdde9de86f"},"headline":"Mise en location des surfaces de bureaux et de commerces du projet Central Malley.","datePublished":"2021-04-14T15:20:32+00:00","dateModified":"2023-02-14T10:35:00+00:00","mainEntityOfPage":{"@id":"https:\/\/sbb-immobilien.ch\/fr\/story\/mise-en-location-des-surfaces-de-bureaux-et-de-commerces-du-projet-central-malley\/"},"wordCount":55,"publisher":{"@id":"https:\/\/sbb-immobilien.ch\/fr\/#organization"},"image":{"@id":"https:\/\/sbb-immobilien.ch\/fr\/story\/mise-en-location-des-surfaces-de-bureaux-et-de-commerces-du-projet-central-malley\/#primaryimage"},"thumbnailUrl":"https:\/\/cdn.sbb-immobilien.ch\/w:auto\/h:auto\/q:mauto\/f:best\/https:\/\/sbb-immobilien.ch\/wp-content\/uploads\/2021\/11\/Central_Malley3-scaled.jpg","articleSection":["D\u00e9veloppement de sites"],"inLanguage":"fr-FR"},{"@type":"WebPage","@id":"https:\/\/sbb-immobilien.ch\/fr\/story\/mise-en-location-des-surfaces-de-bureaux-et-de-commerces-du-projet-central-malley\/","url":"https:\/\/sbb-immobilien.ch\/fr\/story\/mise-en-location-des-surfaces-de-bureaux-et-de-commerces-du-projet-central-malley\/","name":"Mise en location des surfaces de bureaux et de commerces du projet Central Malley. | CFF Immobilier","isPartOf":{"@id":"https:\/\/sbb-immobilien.ch\/fr\/#website"},"primaryImageOfPage":{"@id":"https:\/\/sbb-immobilien.ch\/fr\/story\/mise-en-location-des-surfaces-de-bureaux-et-de-commerces-du-projet-central-malley\/#primaryimage"},"image":{"@id":"https:\/\/sbb-immobilien.ch\/fr\/story\/mise-en-location-des-surfaces-de-bureaux-et-de-commerces-du-projet-central-malley\/#primaryimage"},"thumbnailUrl":"https:\/\/cdn.sbb-immobilien.ch\/w:auto\/h:auto\/q:mauto\/f:best\/https:\/\/sbb-immobilien.ch\/wp-content\/uploads\/2021\/11\/Central_Malley3-scaled.jpg","datePublished":"2021-04-14T15:20:32+00:00","dateModified":"2023-02-14T10:35:00+00:00","breadcrumb":{"@id":"https:\/\/sbb-immobilien.ch\/fr\/story\/mise-en-location-des-surfaces-de-bureaux-et-de-commerces-du-projet-central-malley\/#breadcrumb"},"inLanguage":"fr-FR","potentialAction":[{"@type":"ReadAction","target":["https:\/\/sbb-immobilien.ch\/fr\/story\/mise-en-location-des-surfaces-de-bureaux-et-de-commerces-du-projet-central-malley\/"]}]},{"@type":"ImageObject","inLanguage":"fr-FR","@id":"https:\/\/sbb-immobilien.ch\/fr\/story\/mise-en-location-des-surfaces-de-bureaux-et-de-commerces-du-projet-central-malley\/#primaryimage","url":"https:\/\/cdn.sbb-immobilien.ch\/w:auto\/h:auto\/q:mauto\/f:best\/https:\/\/sbb-immobilien.ch\/wp-content\/uploads\/2021\/11\/Central_Malley3-scaled.jpg","contentUrl":"https:\/\/cdn.sbb-immobilien.ch\/w:auto\/h:auto\/q:mauto\/f:best\/https:\/\/sbb-immobilien.ch\/wp-content\/uploads\/2021\/11\/Central_Malley3-scaled.jpg","width":2560,"height":1706},{"@type":"BreadcrumbList","@id":"https:\/\/sbb-immobilien.ch\/fr\/story\/mise-en-location-des-surfaces-de-bureaux-et-de-commerces-du-projet-central-malley\/#breadcrumb","itemListElement":[{"@type":"ListItem","position":1,"name":"Home","item":"https:\/\/sbb-immobilien.ch\/fr\/"},{"@type":"ListItem","position":2,"name":"Mise en location des surfaces de bureaux et de commerces du projet Central Malley."}]},{"@type":"WebSite","@id":"https:\/\/sbb-immobilien.ch\/fr\/#website","url":"https:\/\/sbb-immobilien.ch\/fr\/","name":"CFF Immobilier","description":"Des immeubles id\u00e9alement situ\u00e9s.","publisher":{"@id":"https:\/\/sbb-immobilien.ch\/fr\/#organization"},"potentialAction":[{"@type":"SearchAction","target":{"@type":"EntryPoint","urlTemplate":"https:\/\/sbb-immobilien.ch\/fr\/?s={search_term_string}"},"query-input":{"@type":"PropertyValueSpecification","valueRequired":true,"valueName":"search_term_string"}}],"inLanguage":"fr-FR"},{"@type":"Organization","@id":"https:\/\/sbb-immobilien.ch\/fr\/#organization","name":"SBB Immobilien","url":"https:\/\/sbb-immobilien.ch\/fr\/","logo":{"@type":"ImageObject","inLanguage":"fr-FR","@id":"https:\/\/sbb-immobilien.ch\/fr\/#\/schema\/logo\/image\/","url":"https:\/\/cdn.sbb-immobilien.ch\/w:1617\/h:1080\/q:mauto\/f:best\/https:\/\/sbb-immobilien.ch\/wp-content\/uploads\/2021\/11\/SBB_byte_200329_DSC_4292_2500px.jpg","contentUrl":"https:\/\/cdn.sbb-immobilien.ch\/w:1617\/h:1080\/q:mauto\/f:best\/https:\/\/sbb-immobilien.ch\/wp-content\/uploads\/2021\/11\/SBB_byte_200329_DSC_4292_2500px.jpg","width":2500,"height":1669,"caption":"SBB Immobilien"},"image":{"@id":"https:\/\/sbb-immobilien.ch\/fr\/#\/schema\/logo\/image\/"},"sameAs":["https:\/\/ch.linkedin.com\/showcase\/immobilienberufe?trk=affiliated-pages","https:\/\/de.wikipedia.org\/wiki\/Schweizerische_Bundesbahnen"]},{"@type":"Person","@id":"https:\/\/sbb-immobilien.ch\/fr\/#\/schema\/person\/1b5169195b96be7fdf04d4fdde9de86f","name":"Julien Weil","sameAs":["julienweil"]}]}},"_links":{"self":[{"href":"https:\/\/sbb-immobilien.ch\/fr\/wp-json\/wp\/v2\/posts\/173272","targetHints":{"allow":["GET"]}}],"collection":[{"href":"https:\/\/sbb-immobilien.ch\/fr\/wp-json\/wp\/v2\/posts"}],"about":[{"href":"https:\/\/sbb-immobilien.ch\/fr\/wp-json\/wp\/v2\/types\/post"}],"author":[{"embeddable":true,"href":"https:\/\/sbb-immobilien.ch\/fr\/wp-json\/wp\/v2\/users\/3"}],"replies":[{"embeddable":true,"href":"https:\/\/sbb-immobilien.ch\/fr\/wp-json\/wp\/v2\/comments?post=173272"}],"version-history":[{"count":0,"href":"https:\/\/sbb-immobilien.ch\/fr\/wp-json\/wp\/v2\/posts\/173272\/revisions"}],"wp:featuredmedia":[{"embeddable":true,"href":"https:\/\/sbb-immobilien.ch\/fr\/wp-json\/wp\/v2\/media\/389655"}],"wp:attachment":[{"href":"https:\/\/sbb-immobilien.ch\/fr\/wp-json\/wp\/v2\/media?parent=173272"}],"wp:term":[{"taxonomy":"category","embeddable":true,"href":"https:\/\/sbb-immobilien.ch\/fr\/wp-json\/wp\/v2\/categories?post=173272"},{"taxonomy":"post_tag","embeddable":true,"href":"https:\/\/sbb-immobilien.ch\/fr\/wp-json\/wp\/v2\/tags?post=173272"}],"curies":[{"name":"wp","href":"https:\/\/api.w.org\/{rel}","templated":true}]}}