{"id":363334,"date":"2022-10-06T13:47:30","date_gmt":"2022-10-06T11:47:30","guid":{"rendered":"https:\/\/sbb-immobilien.ch\/?p=363334"},"modified":"2022-10-06T15:22:30","modified_gmt":"2022-10-06T13:22:30","slug":"le-pole-satigny-gare-a-son-projet-darchitecture-et-despace-public","status":"publish","type":"post","link":"https:\/\/sbb-immobilien.ch\/fr\/story\/le-pole-satigny-gare-a-son-projet-darchitecture-et-despace-public\/","title":{"rendered":"Le P\u00f4le Satigny Gare a son projet d\u2019architecture et d\u2019espace public."},"content":{"rendered":"<p>Apr\u00e8s plusieurs ann\u00e9es de r\u00e9flexion, les habitants de Satigny ont salu\u00e9 le 14 septembre dernier le processus d\u2019\u00e9tudes men\u00e9 sur le P\u00f4le Satigny Gare permettant, par l\u2019aboutissement du Concours d\u2019architecture et d\u2019espace public, de nommer un projet de grande qualit\u00e9 et parfaitement int\u00e9gr\u00e9 au village.<\/p>\n","protected":false},"excerpt":{"rendered":"<p>Apr\u00e8s plusieurs ann\u00e9es de r\u00e9flexion, les habitants de Satigny ont salu\u00e9 le 14 septembre dernier le processus d\u2019\u00e9tudes men\u00e9 sur le P\u00f4le Satigny Gare permettant, par l\u2019aboutissement du Concours d\u2019architecture et d\u2019espace public, de nommer un projet de grande qualit\u00e9 et parfaitement int\u00e9gr\u00e9 au village.<\/p>\n","protected":false},"author":3,"featured_media":363323,"comment_status":"closed","ping_status":"closed","sticky":false,"template":"","format":"standard","meta":{"_acf_changed":false,"inline_featured_image":false,"footnotes":""},"categories":[513],"tags":[],"class_list":["post-363334","post","type-post","status-publish","format-standard","has-post-thumbnail","hentry","category-developpement-de-sites"],"acf":[],"yoast_head":"<!-- This site is optimized with the Yoast SEO Premium plugin v27.4 (Yoast SEO v27.4) - https:\/\/yoast.com\/product\/yoast-seo-premium-wordpress\/ -->\n<title>Le P\u00f4le Satigny Gare a son projet | CFF Immobilier<\/title>\n<meta name=\"description\" content=\"Les habitants de Satigny ont salu\u00e9 le 14 septembre dernier le processus d\u2019\u00e9tudes men\u00e9 sur le P\u00f4le Satigny Gare permettant.\" \/>\n<meta name=\"robots\" content=\"index, follow, max-snippet:-1, max-image-preview:large, max-video-preview:-1\" \/>\n<link rel=\"canonical\" href=\"https:\/\/sbb-immobilien.ch\/fr\/story\/le-pole-satigny-gare-a-son-projet-darchitecture-et-despace-public\/\" \/>\n<meta property=\"og:locale\" content=\"fr_FR\" \/>\n<meta property=\"og:type\" content=\"article\" \/>\n<meta property=\"og:title\" content=\"Le P\u00f4le Satigny Gare a son projet d\u2019architecture et d\u2019espace public.\" \/>\n<meta property=\"og:description\" content=\"Les habitants de Satigny ont salu\u00e9 le 14 septembre dernier le processus d\u2019\u00e9tudes men\u00e9 sur le P\u00f4le Satigny Gare permettant.\" \/>\n<meta property=\"og:url\" content=\"https:\/\/sbb-immobilien.ch\/fr\/story\/le-pole-satigny-gare-a-son-projet-darchitecture-et-despace-public\/\" \/>\n<meta property=\"og:site_name\" content=\"CFF Immobilier\" \/>\n<meta property=\"article:published_time\" content=\"2022-10-06T11:47:30+00:00\" \/>\n<meta property=\"article:modified_time\" content=\"2022-10-06T13:22:30+00:00\" \/>\n<meta property=\"og:image\" content=\"https:\/\/cdn.sbb-immobilien.ch\/w:auto\/h:auto\/q:mauto\/f:best\/https:\/\/sbb-immobilien.ch\/wp-content\/uploads\/2022\/10\/Vue-cote-rue.jpg\" \/>\n\t<meta property=\"og:image:width\" content=\"2560\" \/>\n\t<meta property=\"og:image:height\" content=\"2560\" \/>\n\t<meta property=\"og:image:type\" content=\"image\/jpeg\" \/>\n<meta name=\"author\" content=\"Julien Weil\" \/>\n<meta name=\"twitter:card\" content=\"summary_large_image\" \/>\n<meta name=\"twitter:label1\" content=\"\u00c9crit par\" \/>\n\t<meta name=\"twitter:data1\" content=\"Julien Weil\" \/>\n\t<meta name=\"twitter:label2\" content=\"Dur\u00e9e de lecture estim\u00e9e\" \/>\n\t<meta name=\"twitter:data2\" content=\"1 minute\" \/>\n<script type=\"application\/ld+json\" class=\"yoast-schema-graph\">{\"@context\":\"https:\\\/\\\/schema.org\",\"@graph\":[{\"@type\":\"Article\",\"@id\":\"https:\\\/\\\/sbb-immobilien.ch\\\/fr\\\/story\\\/le-pole-satigny-gare-a-son-projet-darchitecture-et-despace-public\\\/#article\",\"isPartOf\":{\"@id\":\"https:\\\/\\\/sbb-immobilien.ch\\\/fr\\\/story\\\/le-pole-satigny-gare-a-son-projet-darchitecture-et-despace-public\\\/\"},\"author\":{\"name\":\"Julien Weil\",\"@id\":\"https:\\\/\\\/sbb-immobilien.ch\\\/fr\\\/#\\\/schema\\\/person\\\/1b5169195b96be7fdf04d4fdde9de86f\"},\"headline\":\"Le P\u00f4le Satigny Gare a son projet d\u2019architecture et d\u2019espace public.\",\"datePublished\":\"2022-10-06T11:47:30+00:00\",\"dateModified\":\"2022-10-06T13:22:30+00:00\",\"mainEntityOfPage\":{\"@id\":\"https:\\\/\\\/sbb-immobilien.ch\\\/fr\\\/story\\\/le-pole-satigny-gare-a-son-projet-darchitecture-et-despace-public\\\/\"},\"wordCount\":67,\"publisher\":{\"@id\":\"https:\\\/\\\/sbb-immobilien.ch\\\/fr\\\/#organization\"},\"image\":{\"@id\":\"https:\\\/\\\/sbb-immobilien.ch\\\/fr\\\/story\\\/le-pole-satigny-gare-a-son-projet-darchitecture-et-despace-public\\\/#primaryimage\"},\"thumbnailUrl\":\"https:\\/\\/sbb-immobilien.ch\\/wp-content\\/uploads\\/2022\\/10\\/Vue-cote-rue.jpg\",\"articleSection\":[\"D\u00e9veloppement de sites\"],\"inLanguage\":\"fr-FR\"},{\"@type\":\"WebPage\",\"@id\":\"https:\\\/\\\/sbb-immobilien.ch\\\/fr\\\/story\\\/le-pole-satigny-gare-a-son-projet-darchitecture-et-despace-public\\\/\",\"url\":\"https:\\\/\\\/sbb-immobilien.ch\\\/fr\\\/story\\\/le-pole-satigny-gare-a-son-projet-darchitecture-et-despace-public\\\/\",\"name\":\"Le P\u00f4le Satigny Gare a son projet | CFF Immobilier\",\"isPartOf\":{\"@id\":\"https:\\\/\\\/sbb-immobilien.ch\\\/fr\\\/#website\"},\"primaryImageOfPage\":{\"@id\":\"https:\\\/\\\/sbb-immobilien.ch\\\/fr\\\/story\\\/le-pole-satigny-gare-a-son-projet-darchitecture-et-despace-public\\\/#primaryimage\"},\"image\":{\"@id\":\"https:\\\/\\\/sbb-immobilien.ch\\\/fr\\\/story\\\/le-pole-satigny-gare-a-son-projet-darchitecture-et-despace-public\\\/#primaryimage\"},\"thumbnailUrl\":\"https:\\/\\/sbb-immobilien.ch\\/wp-content\\/uploads\\/2022\\/10\\/Vue-cote-rue.jpg\",\"datePublished\":\"2022-10-06T11:47:30+00:00\",\"dateModified\":\"2022-10-06T13:22:30+00:00\",\"description\":\"Les habitants de Satigny ont salu\u00e9 le 14 septembre dernier le processus d\u2019\u00e9tudes men\u00e9 sur le P\u00f4le Satigny Gare permettant.\",\"breadcrumb\":{\"@id\":\"https:\\\/\\\/sbb-immobilien.ch\\\/fr\\\/story\\\/le-pole-satigny-gare-a-son-projet-darchitecture-et-despace-public\\\/#breadcrumb\"},\"inLanguage\":\"fr-FR\",\"potentialAction\":[{\"@type\":\"ReadAction\",\"target\":[\"https:\\\/\\\/sbb-immobilien.ch\\\/fr\\\/story\\\/le-pole-satigny-gare-a-son-projet-darchitecture-et-despace-public\\\/\"]}]},{\"@type\":\"ImageObject\",\"inLanguage\":\"fr-FR\",\"@id\":\"https:\\\/\\\/sbb-immobilien.ch\\\/fr\\\/story\\\/le-pole-satigny-gare-a-son-projet-darchitecture-et-despace-public\\\/#primaryimage\",\"url\":\"https:\\/\\/sbb-immobilien.ch\\/wp-content\\/uploads\\/2022\\/10\\/Vue-cote-rue.jpg\",\"contentUrl\":\"https:\\/\\/sbb-immobilien.ch\\/wp-content\\/uploads\\/2022\\/10\\/Vue-cote-rue.jpg\",\"width\":2560,\"height\":2560},{\"@type\":\"BreadcrumbList\",\"@id\":\"https:\\\/\\\/sbb-immobilien.ch\\\/fr\\\/story\\\/le-pole-satigny-gare-a-son-projet-darchitecture-et-despace-public\\\/#breadcrumb\",\"itemListElement\":[{\"@type\":\"ListItem\",\"position\":1,\"name\":\"Home\",\"item\":\"https:\\\/\\\/sbb-immobilien.ch\\\/fr\\\/\"},{\"@type\":\"ListItem\",\"position\":2,\"name\":\"Le P\u00f4le Satigny Gare a son projet d\u2019architecture et d\u2019espace public.\"}]},{\"@type\":\"WebSite\",\"@id\":\"https:\\\/\\\/sbb-immobilien.ch\\\/fr\\\/#website\",\"url\":\"https:\\\/\\\/sbb-immobilien.ch\\\/fr\\\/\",\"name\":\"CFF Immobilier\",\"description\":\"Des immeubles id\u00e9alement situ\u00e9s.\",\"publisher\":{\"@id\":\"https:\\\/\\\/sbb-immobilien.ch\\\/fr\\\/#organization\"},\"potentialAction\":[{\"@type\":\"SearchAction\",\"target\":{\"@type\":\"EntryPoint\",\"urlTemplate\":\"https:\\\/\\\/sbb-immobilien.ch\\\/fr\\\/?s={search_term_string}\"},\"query-input\":{\"@type\":\"PropertyValueSpecification\",\"valueRequired\":true,\"valueName\":\"search_term_string\"}}],\"inLanguage\":\"fr-FR\"},{\"@type\":\"Organization\",\"@id\":\"https:\\\/\\\/sbb-immobilien.ch\\\/fr\\\/#organization\",\"name\":\"SBB Immobilien\",\"url\":\"https:\\\/\\\/sbb-immobilien.ch\\\/fr\\\/\",\"logo\":{\"@type\":\"ImageObject\",\"inLanguage\":\"fr-FR\",\"@id\":\"https:\\\/\\\/sbb-immobilien.ch\\\/fr\\\/#\\\/schema\\\/logo\\\/image\\\/\",\"url\":\"https:\\/\\/cdn.sbb-immobilien.ch\\/w:1617\\/h:1080\\/q:mauto\\/f:best\\/https:\\/\\/sbb-immobilien.ch\\/wp-content\\/uploads\\/2021\\/11\\/SBB_byte_200329_DSC_4292_2500px.jpg\",\"contentUrl\":\"https:\\/\\/cdn.sbb-immobilien.ch\\/w:1617\\/h:1080\\/q:mauto\\/f:best\\/https:\\/\\/sbb-immobilien.ch\\/wp-content\\/uploads\\/2021\\/11\\/SBB_byte_200329_DSC_4292_2500px.jpg\",\"width\":2500,\"height\":1669,\"caption\":\"SBB Immobilien\"},\"image\":{\"@id\":\"https:\\\/\\\/sbb-immobilien.ch\\\/fr\\\/#\\\/schema\\\/logo\\\/image\\\/\"},\"sameAs\":[\"https:\\\/\\\/ch.linkedin.com\\\/showcase\\\/immobilienberufe?trk=affiliated-pages\",\"https:\\\/\\\/de.wikipedia.org\\\/wiki\\\/Schweizerische_Bundesbahnen\"]},{\"@type\":\"Person\",\"@id\":\"https:\\\/\\\/sbb-immobilien.ch\\\/fr\\\/#\\\/schema\\\/person\\\/1b5169195b96be7fdf04d4fdde9de86f\",\"name\":\"Julien Weil\",\"sameAs\":[\"julienweil\"]}]}<\/script>\n<!-- \/ Yoast SEO Premium plugin. -->","yoast_head_json":{"title":"Le P\u00f4le Satigny Gare a son projet | CFF Immobilier","description":"Les habitants de Satigny ont salu\u00e9 le 14 septembre dernier le processus d\u2019\u00e9tudes men\u00e9 sur le P\u00f4le Satigny Gare permettant.","robots":{"index":"index","follow":"follow","max-snippet":"max-snippet:-1","max-image-preview":"max-image-preview:large","max-video-preview":"max-video-preview:-1"},"canonical":"https:\/\/sbb-immobilien.ch\/fr\/story\/le-pole-satigny-gare-a-son-projet-darchitecture-et-despace-public\/","og_locale":"fr_FR","og_type":"article","og_title":"Le P\u00f4le Satigny Gare a son projet d\u2019architecture et d\u2019espace public.","og_description":"Les habitants de Satigny ont salu\u00e9 le 14 septembre dernier le processus d\u2019\u00e9tudes men\u00e9 sur le P\u00f4le Satigny Gare permettant.","og_url":"https:\/\/sbb-immobilien.ch\/fr\/story\/le-pole-satigny-gare-a-son-projet-darchitecture-et-despace-public\/","og_site_name":"CFF Immobilier","article_published_time":"2022-10-06T11:47:30+00:00","article_modified_time":"2022-10-06T13:22:30+00:00","og_image":[{"width":2560,"height":2560,"url":"https:\/\/cdn.sbb-immobilien.ch\/w:auto\/h:auto\/q:mauto\/f:best\/https:\/\/sbb-immobilien.ch\/wp-content\/uploads\/2022\/10\/Vue-cote-rue.jpg","type":"image\/jpeg"}],"author":"Julien Weil","twitter_card":"summary_large_image","twitter_misc":{"\u00c9crit par":"Julien Weil","Dur\u00e9e de lecture estim\u00e9e":"1 minute"},"schema":{"@context":"https:\/\/schema.org","@graph":[{"@type":"Article","@id":"https:\/\/sbb-immobilien.ch\/fr\/story\/le-pole-satigny-gare-a-son-projet-darchitecture-et-despace-public\/#article","isPartOf":{"@id":"https:\/\/sbb-immobilien.ch\/fr\/story\/le-pole-satigny-gare-a-son-projet-darchitecture-et-despace-public\/"},"author":{"name":"Julien Weil","@id":"https:\/\/sbb-immobilien.ch\/fr\/#\/schema\/person\/1b5169195b96be7fdf04d4fdde9de86f"},"headline":"Le P\u00f4le Satigny Gare a son projet d\u2019architecture et d\u2019espace public.","datePublished":"2022-10-06T11:47:30+00:00","dateModified":"2022-10-06T13:22:30+00:00","mainEntityOfPage":{"@id":"https:\/\/sbb-immobilien.ch\/fr\/story\/le-pole-satigny-gare-a-son-projet-darchitecture-et-despace-public\/"},"wordCount":67,"publisher":{"@id":"https:\/\/sbb-immobilien.ch\/fr\/#organization"},"image":{"@id":"https:\/\/sbb-immobilien.ch\/fr\/story\/le-pole-satigny-gare-a-son-projet-darchitecture-et-despace-public\/#primaryimage"},"thumbnailUrl":"https:\/\/cdn.sbb-immobilien.ch\/w:auto\/h:auto\/q:mauto\/f:best\/https:\/\/sbb-immobilien.ch\/wp-content\/uploads\/2022\/10\/Vue-cote-rue.jpg","articleSection":["D\u00e9veloppement de sites"],"inLanguage":"fr-FR"},{"@type":"WebPage","@id":"https:\/\/sbb-immobilien.ch\/fr\/story\/le-pole-satigny-gare-a-son-projet-darchitecture-et-despace-public\/","url":"https:\/\/sbb-immobilien.ch\/fr\/story\/le-pole-satigny-gare-a-son-projet-darchitecture-et-despace-public\/","name":"Le P\u00f4le Satigny Gare a son projet | CFF Immobilier","isPartOf":{"@id":"https:\/\/sbb-immobilien.ch\/fr\/#website"},"primaryImageOfPage":{"@id":"https:\/\/sbb-immobilien.ch\/fr\/story\/le-pole-satigny-gare-a-son-projet-darchitecture-et-despace-public\/#primaryimage"},"image":{"@id":"https:\/\/sbb-immobilien.ch\/fr\/story\/le-pole-satigny-gare-a-son-projet-darchitecture-et-despace-public\/#primaryimage"},"thumbnailUrl":"https:\/\/cdn.sbb-immobilien.ch\/w:auto\/h:auto\/q:mauto\/f:best\/https:\/\/sbb-immobilien.ch\/wp-content\/uploads\/2022\/10\/Vue-cote-rue.jpg","datePublished":"2022-10-06T11:47:30+00:00","dateModified":"2022-10-06T13:22:30+00:00","description":"Les habitants de Satigny ont salu\u00e9 le 14 septembre dernier le processus d\u2019\u00e9tudes men\u00e9 sur le P\u00f4le Satigny Gare permettant.","breadcrumb":{"@id":"https:\/\/sbb-immobilien.ch\/fr\/story\/le-pole-satigny-gare-a-son-projet-darchitecture-et-despace-public\/#breadcrumb"},"inLanguage":"fr-FR","potentialAction":[{"@type":"ReadAction","target":["https:\/\/sbb-immobilien.ch\/fr\/story\/le-pole-satigny-gare-a-son-projet-darchitecture-et-despace-public\/"]}]},{"@type":"ImageObject","inLanguage":"fr-FR","@id":"https:\/\/sbb-immobilien.ch\/fr\/story\/le-pole-satigny-gare-a-son-projet-darchitecture-et-despace-public\/#primaryimage","url":"https:\/\/cdn.sbb-immobilien.ch\/w:auto\/h:auto\/q:mauto\/f:best\/https:\/\/sbb-immobilien.ch\/wp-content\/uploads\/2022\/10\/Vue-cote-rue.jpg","contentUrl":"https:\/\/cdn.sbb-immobilien.ch\/w:auto\/h:auto\/q:mauto\/f:best\/https:\/\/sbb-immobilien.ch\/wp-content\/uploads\/2022\/10\/Vue-cote-rue.jpg","width":2560,"height":2560},{"@type":"BreadcrumbList","@id":"https:\/\/sbb-immobilien.ch\/fr\/story\/le-pole-satigny-gare-a-son-projet-darchitecture-et-despace-public\/#breadcrumb","itemListElement":[{"@type":"ListItem","position":1,"name":"Home","item":"https:\/\/sbb-immobilien.ch\/fr\/"},{"@type":"ListItem","position":2,"name":"Le P\u00f4le Satigny Gare a son projet d\u2019architecture et d\u2019espace public."}]},{"@type":"WebSite","@id":"https:\/\/sbb-immobilien.ch\/fr\/#website","url":"https:\/\/sbb-immobilien.ch\/fr\/","name":"CFF Immobilier","description":"Des immeubles id\u00e9alement situ\u00e9s.","publisher":{"@id":"https:\/\/sbb-immobilien.ch\/fr\/#organization"},"potentialAction":[{"@type":"SearchAction","target":{"@type":"EntryPoint","urlTemplate":"https:\/\/sbb-immobilien.ch\/fr\/?s={search_term_string}"},"query-input":{"@type":"PropertyValueSpecification","valueRequired":true,"valueName":"search_term_string"}}],"inLanguage":"fr-FR"},{"@type":"Organization","@id":"https:\/\/sbb-immobilien.ch\/fr\/#organization","name":"SBB Immobilien","url":"https:\/\/sbb-immobilien.ch\/fr\/","logo":{"@type":"ImageObject","inLanguage":"fr-FR","@id":"https:\/\/sbb-immobilien.ch\/fr\/#\/schema\/logo\/image\/","url":"https:\/\/cdn.sbb-immobilien.ch\/w:1617\/h:1080\/q:mauto\/f:best\/https:\/\/sbb-immobilien.ch\/wp-content\/uploads\/2021\/11\/SBB_byte_200329_DSC_4292_2500px.jpg","contentUrl":"https:\/\/cdn.sbb-immobilien.ch\/w:1617\/h:1080\/q:mauto\/f:best\/https:\/\/sbb-immobilien.ch\/wp-content\/uploads\/2021\/11\/SBB_byte_200329_DSC_4292_2500px.jpg","width":2500,"height":1669,"caption":"SBB Immobilien"},"image":{"@id":"https:\/\/sbb-immobilien.ch\/fr\/#\/schema\/logo\/image\/"},"sameAs":["https:\/\/ch.linkedin.com\/showcase\/immobilienberufe?trk=affiliated-pages","https:\/\/de.wikipedia.org\/wiki\/Schweizerische_Bundesbahnen"]},{"@type":"Person","@id":"https:\/\/sbb-immobilien.ch\/fr\/#\/schema\/person\/1b5169195b96be7fdf04d4fdde9de86f","name":"Julien Weil","sameAs":["julienweil"]}]}},"_links":{"self":[{"href":"https:\/\/sbb-immobilien.ch\/fr\/wp-json\/wp\/v2\/posts\/363334","targetHints":{"allow":["GET"]}}],"collection":[{"href":"https:\/\/sbb-immobilien.ch\/fr\/wp-json\/wp\/v2\/posts"}],"about":[{"href":"https:\/\/sbb-immobilien.ch\/fr\/wp-json\/wp\/v2\/types\/post"}],"author":[{"embeddable":true,"href":"https:\/\/sbb-immobilien.ch\/fr\/wp-json\/wp\/v2\/users\/3"}],"replies":[{"embeddable":true,"href":"https:\/\/sbb-immobilien.ch\/fr\/wp-json\/wp\/v2\/comments?post=363334"}],"version-history":[{"count":0,"href":"https:\/\/sbb-immobilien.ch\/fr\/wp-json\/wp\/v2\/posts\/363334\/revisions"}],"wp:featuredmedia":[{"embeddable":true,"href":"https:\/\/sbb-immobilien.ch\/fr\/wp-json\/wp\/v2\/media\/363323"}],"wp:attachment":[{"href":"https:\/\/sbb-immobilien.ch\/fr\/wp-json\/wp\/v2\/media?parent=363334"}],"wp:term":[{"taxonomy":"category","embeddable":true,"href":"https:\/\/sbb-immobilien.ch\/fr\/wp-json\/wp\/v2\/categories?post=363334"},{"taxonomy":"post_tag","embeddable":true,"href":"https:\/\/sbb-immobilien.ch\/fr\/wp-json\/wp\/v2\/tags?post=363334"}],"curies":[{"name":"wp","href":"https:\/\/api.w.org\/{rel}","templated":true}]}}