{"id":482402,"date":"2024-04-09T15:02:20","date_gmt":"2024-04-09T13:02:20","guid":{"rendered":"https:\/\/sbb-immobilien.ch\/?p=482402"},"modified":"2024-04-11T13:54:45","modified_gmt":"2024-04-11T11:54:45","slug":"velostation-a-la-gare","status":"publish","type":"post","link":"https:\/\/sbb-immobilien.ch\/fr\/story\/velostation-a-la-gare\/","title":{"rendered":"Aller de A \u00e0 B de mani\u00e8re efficace et confortable."},"content":{"rendered":"<p>Se rendre \u00e0 v\u00e9lo \u00e0 la gare, puis continuer en train. Pour cela, les client\u00b7e\u00b7s des CFF disposent de places de stationnement pour v\u00e9los dans plus de 700 gares suisses, dont certaines disposent \u00e9galement de v\u00e9lostations s\u00e9curis\u00e9es ou surveill\u00e9es. Pour Alexis Leuthold, responsable de la g\u00e9rance chez CFF Immobilier, il s&#8217;agit l\u00e0 d&#8217;une \u00e9tape importante vers une mobilit\u00e9 durable.<\/p>\n","protected":false},"excerpt":{"rendered":"<p>Se rendre \u00e0 v\u00e9lo \u00e0 la gare, puis continuer en train. Pour cela, les client\u00b7e\u00b7s des CFF disposent de places de stationnement pour v\u00e9los dans plus de 700 gares suisses, dont certaines disposent \u00e9galement de v\u00e9lostations s\u00e9curis\u00e9es ou surveill\u00e9es. Pour Alexis Leuthold, responsable de la g\u00e9rance chez CFF Immobilier, il s&#8217;agit l\u00e0 d&#8217;une \u00e9tape importante [&hellip;]<\/p>\n","protected":false},"author":3,"featured_media":482383,"comment_status":"closed","ping_status":"closed","sticky":false,"template":"","format":"standard","meta":{"_acf_changed":false,"inline_featured_image":false,"footnotes":""},"categories":[537],"tags":[],"class_list":["post-482402","post","type-post","status-publish","format-standard","has-post-thumbnail","hentry","category-promotion-de-la-mobilite"],"acf":[],"yoast_head":"<!-- This site is optimized with the Yoast SEO Premium plugin v27.4 (Yoast SEO v27.4) - https:\/\/yoast.com\/product\/yoast-seo-premium-wordpress\/ -->\n<title>V\u00e9lostation \u00e0 la gare : la demande de v\u00e9lostations augmente | CFF Immobilier<\/title>\n<meta name=\"description\" content=\"Se rendre \u00e0 la gare \u00e0 v\u00e9lo et le garer en toute s\u00e9curit\u00e9 ? D\u00e9couvrez comment les CFF y r\u00e9pondent avec des places de stationnement pour v\u00e9los.\" \/>\n<meta name=\"robots\" content=\"index, follow, max-snippet:-1, max-image-preview:large, max-video-preview:-1\" \/>\n<link rel=\"canonical\" href=\"https:\/\/sbb-immobilien.ch\/fr\/story\/velostation-a-la-gare\/\" \/>\n<meta property=\"og:locale\" content=\"fr_FR\" \/>\n<meta property=\"og:type\" content=\"article\" \/>\n<meta property=\"og:title\" content=\"Aller de A \u00e0 B de mani\u00e8re efficace et confortable.\" \/>\n<meta property=\"og:description\" content=\"Se rendre \u00e0 la gare \u00e0 v\u00e9lo et le garer en toute s\u00e9curit\u00e9 ? D\u00e9couvrez comment les CFF y r\u00e9pondent avec des places de stationnement pour v\u00e9los.\" \/>\n<meta property=\"og:url\" content=\"https:\/\/sbb-immobilien.ch\/fr\/story\/velostation-a-la-gare\/\" \/>\n<meta property=\"og:site_name\" content=\"CFF Immobilier\" \/>\n<meta property=\"article:published_time\" content=\"2024-04-09T13:02:20+00:00\" \/>\n<meta property=\"article:modified_time\" content=\"2024-04-11T11:54:45+00:00\" \/>\n<meta property=\"og:image\" content=\"https:\/\/cdn.sbb-immobilien.ch\/w:auto\/h:auto\/q:mauto\/f:best\/https:\/\/sbb-immobilien.ch\/wp-content\/uploads\/2024\/04\/Story_Velostationen_1-scaled.jpg\" \/>\n\t<meta property=\"og:image:width\" content=\"2560\" \/>\n\t<meta property=\"og:image:height\" content=\"1706\" \/>\n\t<meta property=\"og:image:type\" content=\"image\/jpeg\" \/>\n<meta name=\"author\" content=\"Julien Weil\" \/>\n<meta name=\"twitter:card\" content=\"summary_large_image\" \/>\n<meta name=\"twitter:label1\" content=\"\u00c9crit par\" \/>\n\t<meta name=\"twitter:data1\" content=\"Julien Weil\" \/>\n\t<meta name=\"twitter:label2\" content=\"Dur\u00e9e de lecture estim\u00e9e\" \/>\n\t<meta name=\"twitter:data2\" content=\"5 minutes\" \/>\n<script type=\"application\/ld+json\" class=\"yoast-schema-graph\">{\"@context\":\"https:\\\/\\\/schema.org\",\"@graph\":[{\"@type\":\"Article\",\"@id\":\"https:\\\/\\\/sbb-immobilien.ch\\\/fr\\\/story\\\/velostation-a-la-gare\\\/#article\",\"isPartOf\":{\"@id\":\"https:\\\/\\\/sbb-immobilien.ch\\\/fr\\\/story\\\/velostation-a-la-gare\\\/\"},\"author\":{\"name\":\"Julien Weil\",\"@id\":\"https:\\\/\\\/sbb-immobilien.ch\\\/fr\\\/#\\\/schema\\\/person\\\/1b5169195b96be7fdf04d4fdde9de86f\"},\"headline\":\"Aller de A \u00e0 B de mani\u00e8re efficace et confortable.\",\"datePublished\":\"2024-04-09T13:02:20+00:00\",\"dateModified\":\"2024-04-11T11:54:45+00:00\",\"mainEntityOfPage\":{\"@id\":\"https:\\\/\\\/sbb-immobilien.ch\\\/fr\\\/story\\\/velostation-a-la-gare\\\/\"},\"wordCount\":77,\"publisher\":{\"@id\":\"https:\\\/\\\/sbb-immobilien.ch\\\/fr\\\/#organization\"},\"image\":{\"@id\":\"https:\\\/\\\/sbb-immobilien.ch\\\/fr\\\/story\\\/velostation-a-la-gare\\\/#primaryimage\"},\"thumbnailUrl\":\"https:\\/\\/sbb-immobilien.ch\\/wp-content\\/uploads\\/2024\\/04\\/Story_Velostationen_1-scaled.jpg\",\"articleSection\":[\"Promotion de la mobilit\u00e9\"],\"inLanguage\":\"fr-FR\"},{\"@type\":\"WebPage\",\"@id\":\"https:\\\/\\\/sbb-immobilien.ch\\\/fr\\\/story\\\/velostation-a-la-gare\\\/\",\"url\":\"https:\\\/\\\/sbb-immobilien.ch\\\/fr\\\/story\\\/velostation-a-la-gare\\\/\",\"name\":\"V\u00e9lostation \u00e0 la gare : la demande de v\u00e9lostations augmente | CFF Immobilier\",\"isPartOf\":{\"@id\":\"https:\\\/\\\/sbb-immobilien.ch\\\/fr\\\/#website\"},\"primaryImageOfPage\":{\"@id\":\"https:\\\/\\\/sbb-immobilien.ch\\\/fr\\\/story\\\/velostation-a-la-gare\\\/#primaryimage\"},\"image\":{\"@id\":\"https:\\\/\\\/sbb-immobilien.ch\\\/fr\\\/story\\\/velostation-a-la-gare\\\/#primaryimage\"},\"thumbnailUrl\":\"https:\\/\\/sbb-immobilien.ch\\/wp-content\\/uploads\\/2024\\/04\\/Story_Velostationen_1-scaled.jpg\",\"datePublished\":\"2024-04-09T13:02:20+00:00\",\"dateModified\":\"2024-04-11T11:54:45+00:00\",\"description\":\"Se rendre \u00e0 la gare \u00e0 v\u00e9lo et le garer en toute s\u00e9curit\u00e9 ? D\u00e9couvrez comment les CFF y r\u00e9pondent avec des places de stationnement pour v\u00e9los.\",\"breadcrumb\":{\"@id\":\"https:\\\/\\\/sbb-immobilien.ch\\\/fr\\\/story\\\/velostation-a-la-gare\\\/#breadcrumb\"},\"inLanguage\":\"fr-FR\",\"potentialAction\":[{\"@type\":\"ReadAction\",\"target\":[\"https:\\\/\\\/sbb-immobilien.ch\\\/fr\\\/story\\\/velostation-a-la-gare\\\/\"]}]},{\"@type\":\"ImageObject\",\"inLanguage\":\"fr-FR\",\"@id\":\"https:\\\/\\\/sbb-immobilien.ch\\\/fr\\\/story\\\/velostation-a-la-gare\\\/#primaryimage\",\"url\":\"https:\\/\\/sbb-immobilien.ch\\/wp-content\\/uploads\\/2024\\/04\\/Story_Velostationen_1-scaled.jpg\",\"contentUrl\":\"https:\\/\\/sbb-immobilien.ch\\/wp-content\\/uploads\\/2024\\/04\\/Story_Velostationen_1-scaled.jpg\",\"width\":2560,\"height\":1706,\"caption\":\"Ist das Velo am Bahnhof abgestellt, steigt Alexis Leuthold in den Zug nach Bern Wankdorf, wo der Hauptsitz der SBB liegt.\"},{\"@type\":\"BreadcrumbList\",\"@id\":\"https:\\\/\\\/sbb-immobilien.ch\\\/fr\\\/story\\\/velostation-a-la-gare\\\/#breadcrumb\",\"itemListElement\":[{\"@type\":\"ListItem\",\"position\":1,\"name\":\"Home\",\"item\":\"https:\\\/\\\/sbb-immobilien.ch\\\/fr\\\/\"},{\"@type\":\"ListItem\",\"position\":2,\"name\":\"Aller de A \u00e0 B de mani\u00e8re efficace et confortable.\"}]},{\"@type\":\"WebSite\",\"@id\":\"https:\\\/\\\/sbb-immobilien.ch\\\/fr\\\/#website\",\"url\":\"https:\\\/\\\/sbb-immobilien.ch\\\/fr\\\/\",\"name\":\"CFF Immobilier\",\"description\":\"Des immeubles id\u00e9alement situ\u00e9s.\",\"publisher\":{\"@id\":\"https:\\\/\\\/sbb-immobilien.ch\\\/fr\\\/#organization\"},\"potentialAction\":[{\"@type\":\"SearchAction\",\"target\":{\"@type\":\"EntryPoint\",\"urlTemplate\":\"https:\\\/\\\/sbb-immobilien.ch\\\/fr\\\/?s={search_term_string}\"},\"query-input\":{\"@type\":\"PropertyValueSpecification\",\"valueRequired\":true,\"valueName\":\"search_term_string\"}}],\"inLanguage\":\"fr-FR\"},{\"@type\":\"Organization\",\"@id\":\"https:\\\/\\\/sbb-immobilien.ch\\\/fr\\\/#organization\",\"name\":\"SBB Immobilien\",\"url\":\"https:\\\/\\\/sbb-immobilien.ch\\\/fr\\\/\",\"logo\":{\"@type\":\"ImageObject\",\"inLanguage\":\"fr-FR\",\"@id\":\"https:\\\/\\\/sbb-immobilien.ch\\\/fr\\\/#\\\/schema\\\/logo\\\/image\\\/\",\"url\":\"https:\\/\\/cdn.sbb-immobilien.ch\\/w:1617\\/h:1080\\/q:mauto\\/f:best\\/https:\\/\\/sbb-immobilien.ch\\/wp-content\\/uploads\\/2021\\/11\\/SBB_byte_200329_DSC_4292_2500px.jpg\",\"contentUrl\":\"https:\\/\\/cdn.sbb-immobilien.ch\\/w:1617\\/h:1080\\/q:mauto\\/f:best\\/https:\\/\\/sbb-immobilien.ch\\/wp-content\\/uploads\\/2021\\/11\\/SBB_byte_200329_DSC_4292_2500px.jpg\",\"width\":2500,\"height\":1669,\"caption\":\"SBB Immobilien\"},\"image\":{\"@id\":\"https:\\\/\\\/sbb-immobilien.ch\\\/fr\\\/#\\\/schema\\\/logo\\\/image\\\/\"},\"sameAs\":[\"https:\\\/\\\/ch.linkedin.com\\\/showcase\\\/immobilienberufe?trk=affiliated-pages\",\"https:\\\/\\\/de.wikipedia.org\\\/wiki\\\/Schweizerische_Bundesbahnen\"]},{\"@type\":\"Person\",\"@id\":\"https:\\\/\\\/sbb-immobilien.ch\\\/fr\\\/#\\\/schema\\\/person\\\/1b5169195b96be7fdf04d4fdde9de86f\",\"name\":\"Julien Weil\",\"sameAs\":[\"julienweil\"]}]}<\/script>\n<!-- \/ Yoast SEO Premium plugin. -->","yoast_head_json":{"title":"V\u00e9lostation \u00e0 la gare : la demande de v\u00e9lostations augmente | CFF Immobilier","description":"Se rendre \u00e0 la gare \u00e0 v\u00e9lo et le garer en toute s\u00e9curit\u00e9 ? D\u00e9couvrez comment les CFF y r\u00e9pondent avec des places de stationnement pour v\u00e9los.","robots":{"index":"index","follow":"follow","max-snippet":"max-snippet:-1","max-image-preview":"max-image-preview:large","max-video-preview":"max-video-preview:-1"},"canonical":"https:\/\/sbb-immobilien.ch\/fr\/story\/velostation-a-la-gare\/","og_locale":"fr_FR","og_type":"article","og_title":"Aller de A \u00e0 B de mani\u00e8re efficace et confortable.","og_description":"Se rendre \u00e0 la gare \u00e0 v\u00e9lo et le garer en toute s\u00e9curit\u00e9 ? D\u00e9couvrez comment les CFF y r\u00e9pondent avec des places de stationnement pour v\u00e9los.","og_url":"https:\/\/sbb-immobilien.ch\/fr\/story\/velostation-a-la-gare\/","og_site_name":"CFF Immobilier","article_published_time":"2024-04-09T13:02:20+00:00","article_modified_time":"2024-04-11T11:54:45+00:00","og_image":[{"width":2560,"height":1706,"url":"https:\/\/cdn.sbb-immobilien.ch\/w:auto\/h:auto\/q:mauto\/f:best\/https:\/\/sbb-immobilien.ch\/wp-content\/uploads\/2024\/04\/Story_Velostationen_1-scaled.jpg","type":"image\/jpeg"}],"author":"Julien Weil","twitter_card":"summary_large_image","twitter_misc":{"\u00c9crit par":"Julien Weil","Dur\u00e9e de lecture estim\u00e9e":"5 minutes"},"schema":{"@context":"https:\/\/schema.org","@graph":[{"@type":"Article","@id":"https:\/\/sbb-immobilien.ch\/fr\/story\/velostation-a-la-gare\/#article","isPartOf":{"@id":"https:\/\/sbb-immobilien.ch\/fr\/story\/velostation-a-la-gare\/"},"author":{"name":"Julien Weil","@id":"https:\/\/sbb-immobilien.ch\/fr\/#\/schema\/person\/1b5169195b96be7fdf04d4fdde9de86f"},"headline":"Aller de A \u00e0 B de mani\u00e8re efficace et confortable.","datePublished":"2024-04-09T13:02:20+00:00","dateModified":"2024-04-11T11:54:45+00:00","mainEntityOfPage":{"@id":"https:\/\/sbb-immobilien.ch\/fr\/story\/velostation-a-la-gare\/"},"wordCount":77,"publisher":{"@id":"https:\/\/sbb-immobilien.ch\/fr\/#organization"},"image":{"@id":"https:\/\/sbb-immobilien.ch\/fr\/story\/velostation-a-la-gare\/#primaryimage"},"thumbnailUrl":"https:\/\/cdn.sbb-immobilien.ch\/w:auto\/h:auto\/q:mauto\/f:best\/https:\/\/sbb-immobilien.ch\/wp-content\/uploads\/2024\/04\/Story_Velostationen_1-scaled.jpg","articleSection":["Promotion de la mobilit\u00e9"],"inLanguage":"fr-FR"},{"@type":"WebPage","@id":"https:\/\/sbb-immobilien.ch\/fr\/story\/velostation-a-la-gare\/","url":"https:\/\/sbb-immobilien.ch\/fr\/story\/velostation-a-la-gare\/","name":"V\u00e9lostation \u00e0 la gare : la demande de v\u00e9lostations augmente | CFF Immobilier","isPartOf":{"@id":"https:\/\/sbb-immobilien.ch\/fr\/#website"},"primaryImageOfPage":{"@id":"https:\/\/sbb-immobilien.ch\/fr\/story\/velostation-a-la-gare\/#primaryimage"},"image":{"@id":"https:\/\/sbb-immobilien.ch\/fr\/story\/velostation-a-la-gare\/#primaryimage"},"thumbnailUrl":"https:\/\/cdn.sbb-immobilien.ch\/w:auto\/h:auto\/q:mauto\/f:best\/https:\/\/sbb-immobilien.ch\/wp-content\/uploads\/2024\/04\/Story_Velostationen_1-scaled.jpg","datePublished":"2024-04-09T13:02:20+00:00","dateModified":"2024-04-11T11:54:45+00:00","description":"Se rendre \u00e0 la gare \u00e0 v\u00e9lo et le garer en toute s\u00e9curit\u00e9 ? D\u00e9couvrez comment les CFF y r\u00e9pondent avec des places de stationnement pour v\u00e9los.","breadcrumb":{"@id":"https:\/\/sbb-immobilien.ch\/fr\/story\/velostation-a-la-gare\/#breadcrumb"},"inLanguage":"fr-FR","potentialAction":[{"@type":"ReadAction","target":["https:\/\/sbb-immobilien.ch\/fr\/story\/velostation-a-la-gare\/"]}]},{"@type":"ImageObject","inLanguage":"fr-FR","@id":"https:\/\/sbb-immobilien.ch\/fr\/story\/velostation-a-la-gare\/#primaryimage","url":"https:\/\/cdn.sbb-immobilien.ch\/w:auto\/h:auto\/q:mauto\/f:best\/https:\/\/sbb-immobilien.ch\/wp-content\/uploads\/2024\/04\/Story_Velostationen_1-scaled.jpg","contentUrl":"https:\/\/cdn.sbb-immobilien.ch\/w:auto\/h:auto\/q:mauto\/f:best\/https:\/\/sbb-immobilien.ch\/wp-content\/uploads\/2024\/04\/Story_Velostationen_1-scaled.jpg","width":2560,"height":1706,"caption":"Ist das Velo am Bahnhof abgestellt, steigt Alexis Leuthold in den Zug nach Bern Wankdorf, wo der Hauptsitz der SBB liegt."},{"@type":"BreadcrumbList","@id":"https:\/\/sbb-immobilien.ch\/fr\/story\/velostation-a-la-gare\/#breadcrumb","itemListElement":[{"@type":"ListItem","position":1,"name":"Home","item":"https:\/\/sbb-immobilien.ch\/fr\/"},{"@type":"ListItem","position":2,"name":"Aller de A \u00e0 B de mani\u00e8re efficace et confortable."}]},{"@type":"WebSite","@id":"https:\/\/sbb-immobilien.ch\/fr\/#website","url":"https:\/\/sbb-immobilien.ch\/fr\/","name":"CFF Immobilier","description":"Des immeubles id\u00e9alement situ\u00e9s.","publisher":{"@id":"https:\/\/sbb-immobilien.ch\/fr\/#organization"},"potentialAction":[{"@type":"SearchAction","target":{"@type":"EntryPoint","urlTemplate":"https:\/\/sbb-immobilien.ch\/fr\/?s={search_term_string}"},"query-input":{"@type":"PropertyValueSpecification","valueRequired":true,"valueName":"search_term_string"}}],"inLanguage":"fr-FR"},{"@type":"Organization","@id":"https:\/\/sbb-immobilien.ch\/fr\/#organization","name":"SBB Immobilien","url":"https:\/\/sbb-immobilien.ch\/fr\/","logo":{"@type":"ImageObject","inLanguage":"fr-FR","@id":"https:\/\/sbb-immobilien.ch\/fr\/#\/schema\/logo\/image\/","url":"https:\/\/cdn.sbb-immobilien.ch\/w:1617\/h:1080\/q:mauto\/f:best\/https:\/\/sbb-immobilien.ch\/wp-content\/uploads\/2021\/11\/SBB_byte_200329_DSC_4292_2500px.jpg","contentUrl":"https:\/\/cdn.sbb-immobilien.ch\/w:1617\/h:1080\/q:mauto\/f:best\/https:\/\/sbb-immobilien.ch\/wp-content\/uploads\/2021\/11\/SBB_byte_200329_DSC_4292_2500px.jpg","width":2500,"height":1669,"caption":"SBB Immobilien"},"image":{"@id":"https:\/\/sbb-immobilien.ch\/fr\/#\/schema\/logo\/image\/"},"sameAs":["https:\/\/ch.linkedin.com\/showcase\/immobilienberufe?trk=affiliated-pages","https:\/\/de.wikipedia.org\/wiki\/Schweizerische_Bundesbahnen"]},{"@type":"Person","@id":"https:\/\/sbb-immobilien.ch\/fr\/#\/schema\/person\/1b5169195b96be7fdf04d4fdde9de86f","name":"Julien Weil","sameAs":["julienweil"]}]}},"_links":{"self":[{"href":"https:\/\/sbb-immobilien.ch\/fr\/wp-json\/wp\/v2\/posts\/482402","targetHints":{"allow":["GET"]}}],"collection":[{"href":"https:\/\/sbb-immobilien.ch\/fr\/wp-json\/wp\/v2\/posts"}],"about":[{"href":"https:\/\/sbb-immobilien.ch\/fr\/wp-json\/wp\/v2\/types\/post"}],"author":[{"embeddable":true,"href":"https:\/\/sbb-immobilien.ch\/fr\/wp-json\/wp\/v2\/users\/3"}],"replies":[{"embeddable":true,"href":"https:\/\/sbb-immobilien.ch\/fr\/wp-json\/wp\/v2\/comments?post=482402"}],"version-history":[{"count":0,"href":"https:\/\/sbb-immobilien.ch\/fr\/wp-json\/wp\/v2\/posts\/482402\/revisions"}],"wp:featuredmedia":[{"embeddable":true,"href":"https:\/\/sbb-immobilien.ch\/fr\/wp-json\/wp\/v2\/media\/482383"}],"wp:attachment":[{"href":"https:\/\/sbb-immobilien.ch\/fr\/wp-json\/wp\/v2\/media?parent=482402"}],"wp:term":[{"taxonomy":"category","embeddable":true,"href":"https:\/\/sbb-immobilien.ch\/fr\/wp-json\/wp\/v2\/categories?post=482402"},{"taxonomy":"post_tag","embeddable":true,"href":"https:\/\/sbb-immobilien.ch\/fr\/wp-json\/wp\/v2\/tags?post=482402"}],"curies":[{"name":"wp","href":"https:\/\/api.w.org\/{rel}","templated":true}]}}