{"id":551699,"date":"2024-11-28T09:40:51","date_gmt":"2024-11-28T08:40:51","guid":{"rendered":"https:\/\/sbb-immobilien.ch\/?p=551699"},"modified":"2024-11-28T09:40:51","modified_gmt":"2024-11-28T08:40:51","slug":"la-gare-renovee-de-morat-sur-la-voie-de-lavenir","status":"publish","type":"post","link":"https:\/\/sbb-immobilien.ch\/fr\/story\/la-gare-renovee-de-morat-sur-la-voie-de-lavenir\/","title":{"rendered":"La gare r\u00e9nov\u00e9e de Morat sur la voie de l\u2019avenir."},"content":{"rendered":"<p>La gare class\u00e9e de Morat a b\u00e9n\u00e9fici\u00e9 d\u2019une r\u00e9novation compl\u00e8te de mai \u00e0 novembre 2024 afin de la pr\u00e9parer pour les ann\u00e9es \u00e0 venir et de pr\u00e9server son importance patrimoniale. Des d\u00e9tails historiques tels que les cadres de fen\u00eatre et les parquets ont \u00e9t\u00e9 restaur\u00e9s. De plus, la gare a \u00e9t\u00e9 raccord\u00e9e au r\u00e9seau de chauffage urbain et le Centre de voyages BLS a \u00e9t\u00e9 r\u00e9ouvert.<\/p>\n","protected":false},"excerpt":{"rendered":"<p>La gare class\u00e9e de Morat a b\u00e9n\u00e9fici\u00e9 d\u2019une r\u00e9novation compl\u00e8te de mai \u00e0 novembre 2024 afin de la pr\u00e9parer pour les ann\u00e9es \u00e0 venir et de pr\u00e9server son importance patrimoniale. Des d\u00e9tails historiques tels que les cadres de fen\u00eatre et les parquets ont \u00e9t\u00e9 restaur\u00e9s. De plus, la gare a \u00e9t\u00e9 raccord\u00e9e au r\u00e9seau de [&hellip;]<\/p>\n","protected":false},"author":2,"featured_media":551541,"comment_status":"closed","ping_status":"closed","sticky":false,"template":"","format":"standard","meta":{"_acf_changed":false,"inline_featured_image":false,"footnotes":""},"categories":[513],"tags":[],"class_list":["post-551699","post","type-post","status-publish","format-standard","has-post-thumbnail","hentry","category-developpement-de-sites"],"acf":[],"yoast_head":"<!-- This site is optimized with the Yoast SEO Premium plugin v27.4 (Yoast SEO v27.4) - https:\/\/yoast.com\/product\/yoast-seo-premium-wordpress\/ -->\n<title>La gare r\u00e9nov\u00e9e de Morat sur la voie de l\u2019avenir. | CFF Immobilier<\/title>\n<meta name=\"robots\" content=\"index, follow, max-snippet:-1, max-image-preview:large, max-video-preview:-1\" \/>\n<link rel=\"canonical\" href=\"https:\/\/sbb-immobilien.ch\/fr\/story\/la-gare-renovee-de-morat-sur-la-voie-de-lavenir\/\" \/>\n<meta property=\"og:locale\" content=\"fr_FR\" \/>\n<meta property=\"og:type\" content=\"article\" \/>\n<meta property=\"og:title\" content=\"La gare r\u00e9nov\u00e9e de Morat sur la voie de l\u2019avenir.\" \/>\n<meta property=\"og:description\" content=\"La gare class\u00e9e de Morat a b\u00e9n\u00e9fici\u00e9 d\u2019une r\u00e9novation compl\u00e8te de mai \u00e0 novembre 2024 afin de la pr\u00e9parer pour les ann\u00e9es \u00e0 venir et de pr\u00e9server son importance patrimoniale. Des d\u00e9tails historiques tels que les cadres de fen\u00eatre et les parquets ont \u00e9t\u00e9 restaur\u00e9s. De plus, la gare a \u00e9t\u00e9 raccord\u00e9e au r\u00e9seau de [&hellip;]\" \/>\n<meta property=\"og:url\" content=\"https:\/\/sbb-immobilien.ch\/fr\/story\/la-gare-renovee-de-morat-sur-la-voie-de-lavenir\/\" \/>\n<meta property=\"og:site_name\" content=\"CFF Immobilier\" \/>\n<meta property=\"article:published_time\" content=\"2024-11-28T08:40:51+00:00\" \/>\n<meta property=\"og:image\" content=\"https:\/\/cdn.sbb-immobilien.ch\/w:auto\/h:auto\/q:mauto\/f:best\/https:\/\/sbb-immobilien.ch\/wp-content\/uploads\/2024\/11\/Bild1.jpg\" \/>\n\t<meta property=\"og:image:width\" content=\"1366\" \/>\n\t<meta property=\"og:image:height\" content=\"874\" \/>\n\t<meta property=\"og:image:type\" content=\"image\/jpeg\" \/>\n<meta name=\"author\" content=\"dominikmosimann\" \/>\n<meta name=\"twitter:card\" content=\"summary_large_image\" \/>\n<meta name=\"twitter:label1\" content=\"\u00c9crit par\" \/>\n\t<meta name=\"twitter:data1\" content=\"dominikmosimann\" \/>\n\t<meta name=\"twitter:label2\" content=\"Dur\u00e9e de lecture estim\u00e9e\" \/>\n\t<meta name=\"twitter:data2\" content=\"5 minutes\" \/>\n<script type=\"application\/ld+json\" class=\"yoast-schema-graph\">{\"@context\":\"https:\\\/\\\/schema.org\",\"@graph\":[{\"@type\":\"Article\",\"@id\":\"https:\\\/\\\/sbb-immobilien.ch\\\/fr\\\/story\\\/la-gare-renovee-de-morat-sur-la-voie-de-lavenir\\\/#article\",\"isPartOf\":{\"@id\":\"https:\\\/\\\/sbb-immobilien.ch\\\/fr\\\/story\\\/la-gare-renovee-de-morat-sur-la-voie-de-lavenir\\\/\"},\"author\":{\"name\":\"dominikmosimann\",\"@id\":\"https:\\\/\\\/sbb-immobilien.ch\\\/fr\\\/#\\\/schema\\\/person\\\/77d684688878a35f5a83201ede3d5cdf\"},\"headline\":\"La gare r\u00e9nov\u00e9e de Morat sur la voie de l\u2019avenir.\",\"datePublished\":\"2024-11-28T08:40:51+00:00\",\"mainEntityOfPage\":{\"@id\":\"https:\\\/\\\/sbb-immobilien.ch\\\/fr\\\/story\\\/la-gare-renovee-de-morat-sur-la-voie-de-lavenir\\\/\"},\"wordCount\":91,\"publisher\":{\"@id\":\"https:\\\/\\\/sbb-immobilien.ch\\\/fr\\\/#organization\"},\"image\":{\"@id\":\"https:\\\/\\\/sbb-immobilien.ch\\\/fr\\\/story\\\/la-gare-renovee-de-morat-sur-la-voie-de-lavenir\\\/#primaryimage\"},\"thumbnailUrl\":\"https:\\/\\/sbb-immobilien.ch\\/wp-content\\/uploads\\/2024\\/11\\/Bild1.jpg\",\"articleSection\":[\"D\u00e9veloppement de sites\"],\"inLanguage\":\"fr-FR\"},{\"@type\":\"WebPage\",\"@id\":\"https:\\\/\\\/sbb-immobilien.ch\\\/fr\\\/story\\\/la-gare-renovee-de-morat-sur-la-voie-de-lavenir\\\/\",\"url\":\"https:\\\/\\\/sbb-immobilien.ch\\\/fr\\\/story\\\/la-gare-renovee-de-morat-sur-la-voie-de-lavenir\\\/\",\"name\":\"La gare r\u00e9nov\u00e9e de Morat sur la voie de l\u2019avenir. | CFF Immobilier\",\"isPartOf\":{\"@id\":\"https:\\\/\\\/sbb-immobilien.ch\\\/fr\\\/#website\"},\"primaryImageOfPage\":{\"@id\":\"https:\\\/\\\/sbb-immobilien.ch\\\/fr\\\/story\\\/la-gare-renovee-de-morat-sur-la-voie-de-lavenir\\\/#primaryimage\"},\"image\":{\"@id\":\"https:\\\/\\\/sbb-immobilien.ch\\\/fr\\\/story\\\/la-gare-renovee-de-morat-sur-la-voie-de-lavenir\\\/#primaryimage\"},\"thumbnailUrl\":\"https:\\/\\/sbb-immobilien.ch\\/wp-content\\/uploads\\/2024\\/11\\/Bild1.jpg\",\"datePublished\":\"2024-11-28T08:40:51+00:00\",\"breadcrumb\":{\"@id\":\"https:\\\/\\\/sbb-immobilien.ch\\\/fr\\\/story\\\/la-gare-renovee-de-morat-sur-la-voie-de-lavenir\\\/#breadcrumb\"},\"inLanguage\":\"fr-FR\",\"potentialAction\":[{\"@type\":\"ReadAction\",\"target\":[\"https:\\\/\\\/sbb-immobilien.ch\\\/fr\\\/story\\\/la-gare-renovee-de-morat-sur-la-voie-de-lavenir\\\/\"]}]},{\"@type\":\"ImageObject\",\"inLanguage\":\"fr-FR\",\"@id\":\"https:\\\/\\\/sbb-immobilien.ch\\\/fr\\\/story\\\/la-gare-renovee-de-morat-sur-la-voie-de-lavenir\\\/#primaryimage\",\"url\":\"https:\\/\\/sbb-immobilien.ch\\/wp-content\\/uploads\\/2024\\/11\\/Bild1.jpg\",\"contentUrl\":\"https:\\/\\/sbb-immobilien.ch\\/wp-content\\/uploads\\/2024\\/11\\/Bild1.jpg\",\"width\":1366,\"height\":874},{\"@type\":\"BreadcrumbList\",\"@id\":\"https:\\\/\\\/sbb-immobilien.ch\\\/fr\\\/story\\\/la-gare-renovee-de-morat-sur-la-voie-de-lavenir\\\/#breadcrumb\",\"itemListElement\":[{\"@type\":\"ListItem\",\"position\":1,\"name\":\"Home\",\"item\":\"https:\\\/\\\/sbb-immobilien.ch\\\/fr\\\/\"},{\"@type\":\"ListItem\",\"position\":2,\"name\":\"La gare r\u00e9nov\u00e9e de Morat sur la voie de l\u2019avenir.\"}]},{\"@type\":\"WebSite\",\"@id\":\"https:\\\/\\\/sbb-immobilien.ch\\\/fr\\\/#website\",\"url\":\"https:\\\/\\\/sbb-immobilien.ch\\\/fr\\\/\",\"name\":\"CFF Immobilier\",\"description\":\"Des immeubles id\u00e9alement situ\u00e9s.\",\"publisher\":{\"@id\":\"https:\\\/\\\/sbb-immobilien.ch\\\/fr\\\/#organization\"},\"potentialAction\":[{\"@type\":\"SearchAction\",\"target\":{\"@type\":\"EntryPoint\",\"urlTemplate\":\"https:\\\/\\\/sbb-immobilien.ch\\\/fr\\\/?s={search_term_string}\"},\"query-input\":{\"@type\":\"PropertyValueSpecification\",\"valueRequired\":true,\"valueName\":\"search_term_string\"}}],\"inLanguage\":\"fr-FR\"},{\"@type\":\"Organization\",\"@id\":\"https:\\\/\\\/sbb-immobilien.ch\\\/fr\\\/#organization\",\"name\":\"SBB Immobilien\",\"url\":\"https:\\\/\\\/sbb-immobilien.ch\\\/fr\\\/\",\"logo\":{\"@type\":\"ImageObject\",\"inLanguage\":\"fr-FR\",\"@id\":\"https:\\\/\\\/sbb-immobilien.ch\\\/fr\\\/#\\\/schema\\\/logo\\\/image\\\/\",\"url\":\"https:\\/\\/cdn.sbb-immobilien.ch\\/w:1617\\/h:1080\\/q:mauto\\/f:best\\/https:\\/\\/sbb-immobilien.ch\\/wp-content\\/uploads\\/2021\\/11\\/SBB_byte_200329_DSC_4292_2500px.jpg\",\"contentUrl\":\"https:\\/\\/cdn.sbb-immobilien.ch\\/w:1617\\/h:1080\\/q:mauto\\/f:best\\/https:\\/\\/sbb-immobilien.ch\\/wp-content\\/uploads\\/2021\\/11\\/SBB_byte_200329_DSC_4292_2500px.jpg\",\"width\":2500,\"height\":1669,\"caption\":\"SBB Immobilien\"},\"image\":{\"@id\":\"https:\\\/\\\/sbb-immobilien.ch\\\/fr\\\/#\\\/schema\\\/logo\\\/image\\\/\"},\"sameAs\":[\"https:\\\/\\\/ch.linkedin.com\\\/showcase\\\/immobilienberufe?trk=affiliated-pages\",\"https:\\\/\\\/de.wikipedia.org\\\/wiki\\\/Schweizerische_Bundesbahnen\"]},{\"@type\":\"Person\",\"@id\":\"https:\\\/\\\/sbb-immobilien.ch\\\/fr\\\/#\\\/schema\\\/person\\\/77d684688878a35f5a83201ede3d5cdf\",\"name\":\"dominikmosimann\"}]}<\/script>\n<!-- \/ Yoast SEO Premium plugin. -->","yoast_head_json":{"title":"La gare r\u00e9nov\u00e9e de Morat sur la voie de l\u2019avenir. | CFF Immobilier","robots":{"index":"index","follow":"follow","max-snippet":"max-snippet:-1","max-image-preview":"max-image-preview:large","max-video-preview":"max-video-preview:-1"},"canonical":"https:\/\/sbb-immobilien.ch\/fr\/story\/la-gare-renovee-de-morat-sur-la-voie-de-lavenir\/","og_locale":"fr_FR","og_type":"article","og_title":"La gare r\u00e9nov\u00e9e de Morat sur la voie de l\u2019avenir.","og_description":"La gare class\u00e9e de Morat a b\u00e9n\u00e9fici\u00e9 d\u2019une r\u00e9novation compl\u00e8te de mai \u00e0 novembre 2024 afin de la pr\u00e9parer pour les ann\u00e9es \u00e0 venir et de pr\u00e9server son importance patrimoniale. Des d\u00e9tails historiques tels que les cadres de fen\u00eatre et les parquets ont \u00e9t\u00e9 restaur\u00e9s. De plus, la gare a \u00e9t\u00e9 raccord\u00e9e au r\u00e9seau de [&hellip;]","og_url":"https:\/\/sbb-immobilien.ch\/fr\/story\/la-gare-renovee-de-morat-sur-la-voie-de-lavenir\/","og_site_name":"CFF Immobilier","article_published_time":"2024-11-28T08:40:51+00:00","og_image":[{"width":1366,"height":874,"url":"https:\/\/cdn.sbb-immobilien.ch\/w:auto\/h:auto\/q:mauto\/f:best\/https:\/\/sbb-immobilien.ch\/wp-content\/uploads\/2024\/11\/Bild1.jpg","type":"image\/jpeg"}],"author":"dominikmosimann","twitter_card":"summary_large_image","twitter_misc":{"\u00c9crit par":"dominikmosimann","Dur\u00e9e de lecture estim\u00e9e":"5 minutes"},"schema":{"@context":"https:\/\/schema.org","@graph":[{"@type":"Article","@id":"https:\/\/sbb-immobilien.ch\/fr\/story\/la-gare-renovee-de-morat-sur-la-voie-de-lavenir\/#article","isPartOf":{"@id":"https:\/\/sbb-immobilien.ch\/fr\/story\/la-gare-renovee-de-morat-sur-la-voie-de-lavenir\/"},"author":{"name":"dominikmosimann","@id":"https:\/\/sbb-immobilien.ch\/fr\/#\/schema\/person\/77d684688878a35f5a83201ede3d5cdf"},"headline":"La gare r\u00e9nov\u00e9e de Morat sur la voie de l\u2019avenir.","datePublished":"2024-11-28T08:40:51+00:00","mainEntityOfPage":{"@id":"https:\/\/sbb-immobilien.ch\/fr\/story\/la-gare-renovee-de-morat-sur-la-voie-de-lavenir\/"},"wordCount":91,"publisher":{"@id":"https:\/\/sbb-immobilien.ch\/fr\/#organization"},"image":{"@id":"https:\/\/sbb-immobilien.ch\/fr\/story\/la-gare-renovee-de-morat-sur-la-voie-de-lavenir\/#primaryimage"},"thumbnailUrl":"https:\/\/cdn.sbb-immobilien.ch\/w:auto\/h:auto\/q:mauto\/f:best\/https:\/\/sbb-immobilien.ch\/wp-content\/uploads\/2024\/11\/Bild1.jpg","articleSection":["D\u00e9veloppement de sites"],"inLanguage":"fr-FR"},{"@type":"WebPage","@id":"https:\/\/sbb-immobilien.ch\/fr\/story\/la-gare-renovee-de-morat-sur-la-voie-de-lavenir\/","url":"https:\/\/sbb-immobilien.ch\/fr\/story\/la-gare-renovee-de-morat-sur-la-voie-de-lavenir\/","name":"La gare r\u00e9nov\u00e9e de Morat sur la voie de l\u2019avenir. | CFF Immobilier","isPartOf":{"@id":"https:\/\/sbb-immobilien.ch\/fr\/#website"},"primaryImageOfPage":{"@id":"https:\/\/sbb-immobilien.ch\/fr\/story\/la-gare-renovee-de-morat-sur-la-voie-de-lavenir\/#primaryimage"},"image":{"@id":"https:\/\/sbb-immobilien.ch\/fr\/story\/la-gare-renovee-de-morat-sur-la-voie-de-lavenir\/#primaryimage"},"thumbnailUrl":"https:\/\/cdn.sbb-immobilien.ch\/w:auto\/h:auto\/q:mauto\/f:best\/https:\/\/sbb-immobilien.ch\/wp-content\/uploads\/2024\/11\/Bild1.jpg","datePublished":"2024-11-28T08:40:51+00:00","breadcrumb":{"@id":"https:\/\/sbb-immobilien.ch\/fr\/story\/la-gare-renovee-de-morat-sur-la-voie-de-lavenir\/#breadcrumb"},"inLanguage":"fr-FR","potentialAction":[{"@type":"ReadAction","target":["https:\/\/sbb-immobilien.ch\/fr\/story\/la-gare-renovee-de-morat-sur-la-voie-de-lavenir\/"]}]},{"@type":"ImageObject","inLanguage":"fr-FR","@id":"https:\/\/sbb-immobilien.ch\/fr\/story\/la-gare-renovee-de-morat-sur-la-voie-de-lavenir\/#primaryimage","url":"https:\/\/cdn.sbb-immobilien.ch\/w:auto\/h:auto\/q:mauto\/f:best\/https:\/\/sbb-immobilien.ch\/wp-content\/uploads\/2024\/11\/Bild1.jpg","contentUrl":"https:\/\/cdn.sbb-immobilien.ch\/w:auto\/h:auto\/q:mauto\/f:best\/https:\/\/sbb-immobilien.ch\/wp-content\/uploads\/2024\/11\/Bild1.jpg","width":1366,"height":874},{"@type":"BreadcrumbList","@id":"https:\/\/sbb-immobilien.ch\/fr\/story\/la-gare-renovee-de-morat-sur-la-voie-de-lavenir\/#breadcrumb","itemListElement":[{"@type":"ListItem","position":1,"name":"Home","item":"https:\/\/sbb-immobilien.ch\/fr\/"},{"@type":"ListItem","position":2,"name":"La gare r\u00e9nov\u00e9e de Morat sur la voie de l\u2019avenir."}]},{"@type":"WebSite","@id":"https:\/\/sbb-immobilien.ch\/fr\/#website","url":"https:\/\/sbb-immobilien.ch\/fr\/","name":"CFF Immobilier","description":"Des immeubles id\u00e9alement situ\u00e9s.","publisher":{"@id":"https:\/\/sbb-immobilien.ch\/fr\/#organization"},"potentialAction":[{"@type":"SearchAction","target":{"@type":"EntryPoint","urlTemplate":"https:\/\/sbb-immobilien.ch\/fr\/?s={search_term_string}"},"query-input":{"@type":"PropertyValueSpecification","valueRequired":true,"valueName":"search_term_string"}}],"inLanguage":"fr-FR"},{"@type":"Organization","@id":"https:\/\/sbb-immobilien.ch\/fr\/#organization","name":"SBB Immobilien","url":"https:\/\/sbb-immobilien.ch\/fr\/","logo":{"@type":"ImageObject","inLanguage":"fr-FR","@id":"https:\/\/sbb-immobilien.ch\/fr\/#\/schema\/logo\/image\/","url":"https:\/\/cdn.sbb-immobilien.ch\/w:1617\/h:1080\/q:mauto\/f:best\/https:\/\/sbb-immobilien.ch\/wp-content\/uploads\/2021\/11\/SBB_byte_200329_DSC_4292_2500px.jpg","contentUrl":"https:\/\/cdn.sbb-immobilien.ch\/w:1617\/h:1080\/q:mauto\/f:best\/https:\/\/sbb-immobilien.ch\/wp-content\/uploads\/2021\/11\/SBB_byte_200329_DSC_4292_2500px.jpg","width":2500,"height":1669,"caption":"SBB Immobilien"},"image":{"@id":"https:\/\/sbb-immobilien.ch\/fr\/#\/schema\/logo\/image\/"},"sameAs":["https:\/\/ch.linkedin.com\/showcase\/immobilienberufe?trk=affiliated-pages","https:\/\/de.wikipedia.org\/wiki\/Schweizerische_Bundesbahnen"]},{"@type":"Person","@id":"https:\/\/sbb-immobilien.ch\/fr\/#\/schema\/person\/77d684688878a35f5a83201ede3d5cdf","name":"dominikmosimann"}]}},"_links":{"self":[{"href":"https:\/\/sbb-immobilien.ch\/fr\/wp-json\/wp\/v2\/posts\/551699","targetHints":{"allow":["GET"]}}],"collection":[{"href":"https:\/\/sbb-immobilien.ch\/fr\/wp-json\/wp\/v2\/posts"}],"about":[{"href":"https:\/\/sbb-immobilien.ch\/fr\/wp-json\/wp\/v2\/types\/post"}],"author":[{"embeddable":true,"href":"https:\/\/sbb-immobilien.ch\/fr\/wp-json\/wp\/v2\/users\/2"}],"replies":[{"embeddable":true,"href":"https:\/\/sbb-immobilien.ch\/fr\/wp-json\/wp\/v2\/comments?post=551699"}],"version-history":[{"count":0,"href":"https:\/\/sbb-immobilien.ch\/fr\/wp-json\/wp\/v2\/posts\/551699\/revisions"}],"wp:featuredmedia":[{"embeddable":true,"href":"https:\/\/sbb-immobilien.ch\/fr\/wp-json\/wp\/v2\/media\/551541"}],"wp:attachment":[{"href":"https:\/\/sbb-immobilien.ch\/fr\/wp-json\/wp\/v2\/media?parent=551699"}],"wp:term":[{"taxonomy":"category","embeddable":true,"href":"https:\/\/sbb-immobilien.ch\/fr\/wp-json\/wp\/v2\/categories?post=551699"},{"taxonomy":"post_tag","embeddable":true,"href":"https:\/\/sbb-immobilien.ch\/fr\/wp-json\/wp\/v2\/tags?post=551699"}],"curies":[{"name":"wp","href":"https:\/\/api.w.org\/{rel}","templated":true}]}}